{"id":9913,"date":"2016-12-28T10:35:39","date_gmt":"2016-12-28T09:35:39","guid":{"rendered":"https:\/\/www.sibuscascoche.com\/noticias\/?p=9913"},"modified":"2016-12-29T09:05:43","modified_gmt":"2016-12-29T08:05:43","slug":"un-ingeniero-gallego-presenta-el-primer-coche-volador-accesible-casi-todos-los-bolsillos","status":"publish","type":"post","link":"https:\/\/www.sibuscascoche.com\/noticias\/2016\/un-ingeniero-gallego-presenta-el-primer-coche-volador-accesible-casi-todos-los-bolsillos\/","title":{"rendered":"Un ingeniero gallego presenta el primer coche volador low cost"},"content":{"rendered":"<h5 style=\"text-align: center;\">El vigu\u00e9s Manuel \u00c1lvarez ha desarrollado el &#8216;Aerol\u00edvico&#8217;, un prototipo de veh\u00edculo a\u00e9reo que pretende ser accesible a todos los bolsillos<\/h5>\n<p>Empez\u00f3 en el garaje de su casa, con paciencia, poco a poco, como muchas de las <strong>grandes revoluciones tecnol\u00f3gicas<\/strong> que se gestaron en las \u00faltimas d\u00e9cadas. Se lo planteaba como un <strong>proyecto a largo plazo<\/strong>, como parte de sus prop\u00f3sitos para la jubilaci\u00f3n, pero sus ansias por verlo acabado aceleraron el proceso y en cinco a\u00f1os, su sue\u00f1o se ha visto cumplido.<\/p>\n<p>El <strong>ingeniero aeron\u00e1utico Manuel \u00c1lvarez<\/strong>, oriundo de Vigo, acaba de presentar -a sus 72 a\u00f1os- el primer prototipo de veh\u00edculo a\u00e9reo accesible a (casi) todos los bolsillos. Y no lo decimos nosotros, lo dice \u00e9l, cuya m\u00e1xima prioridad es que cualquier persona pueda conducirlo en un breve plazo de tiempo: \u00abMe gustar\u00eda patentarlo pero con la condici\u00f3n de que su desarrollo, tal y como lo he planteado, sea accesible a todos los bolsillos\u00bb.<\/p>\n<p style=\"text-align: center;\"><a href=\"&quot;https:\/\/www.sibuscascoche.com\/coches-ocasion\/?utm_source=blog-noticias&amp;utm_medium=banner&amp;utm_campaign=noticias&amp;utm_content=coche-volador\u201d\"><img loading=\"lazy\" decoding=\"async\" class=\"aligncenter wp-image-9222 photo-gallery-shortcode\" title=\"Comprar coche de ocasi\u00f3n\" alt=\"Comprar coche de ocasi\u00f3n\" src=\"https:\/\/www.sibuscascoche.com\/noticias\/wp-content\/uploads\/2016\/10\/comprar-coche-segunda-mano-ocasion-km0.gif\" width=\"600\" height=\"99\" \/><\/a><\/p>\n<blockquote>\n<h4><strong><span style=\"color: #0071b9;\">Quiero que se venda a un precio asequible para que sea accesible a todos los bolsillos\u00bb, asegura<\/span><\/strong><\/h4>\n<\/blockquote>\n<p><img loading=\"lazy\" decoding=\"async\" class=\"alignright size-full wp-image-9943\" title=\"Plano del coche volador desarrollado en Galicia\" alt=\"Plano del Aerol\u00edvico, el coche volador hecho por un vigu\u00e9s\" src=\"https:\/\/www.sibuscascoche.com\/noticias\/wp-content\/uploads\/2016\/12\/piezas-veh\u00edculo-manuel-alvarez-coche-volador1.png\" width=\"300\" height=\"200\" \/>En esta haza\u00f1a no estuvo solo; cont\u00f3 con la ayuda de varios compa\u00f1eros de profesi\u00f3n, excompa\u00f1eros de trabajo que no quisieron perder la oportunidad de participar en un proyecto de tal envergadura. \u00abEl proceso no ha sido f\u00e1cil, hemos trabajado duro en este modelo y los costes que hab\u00edamos planteado inicialmente se dilataron m\u00e1s de lo debido, pero estamos satisfechos con el resultado\u00bb, comenta, y precisa las caracter\u00edsticas del veh\u00edculo: \u00abPuede\u00a0<strong>alcanzar los 300km\/h <\/strong>y\u00a0tiene una <strong>autonom\u00eda de unos 600 km<\/strong>\u00ab. Otra ventaja del &#8216;<strong>Aerol\u00edvico<\/strong>&#8216;, como denomina el coche en homenaje a su ciudad natal, es la posibilidad de despegar y aterrizar de forma vertical.<\/p>\n<blockquote>\n<h4><strong><span style=\"color: #0071b9;\">Alcanza los 300 km\/h, tiene una autonom\u00eda de unos 600 km y aterriza de forma vertical\u00bb, precisa<\/span><\/strong><\/h4>\n<\/blockquote>\n<p>Ahora busca posible comprador pero subrayando que no piensa ceder ante presiones econ\u00f3micas. \u00abLo primero es darle salida, pero siempre y cuando cualquier persona de a pie pueda conducirlo desde el primer momento. <strong>No quiero que sea un transporte exclusivo<\/strong>\u00ab, reitera.\u00a0Hasta entonces, tendremos que esperar para verlo surcar los cielos gallegos.<\/p>\n<p style=\"text-align: center;\"><a href=\"&quot;https:\/\/www.sibuscascoche.com\/coches-ocasion\/?utm_source=blog-noticias&amp;utm_medium=banner&amp;utm_campaign=noticias&amp;utm_content=coche-volador\u201d\"><img loading=\"lazy\" decoding=\"async\" class=\"aligncenter wp-image-9222 photo-gallery-shortcode\" title=\"Comprar coche de ocasi\u00f3n\" alt=\"Comprar coche de ocasi\u00f3n\" src=\"https:\/\/www.sibuscascoche.com\/noticias\/wp-content\/uploads\/2016\/10\/comprar-coche-segunda-mano-ocasion-km0.gif\" width=\"600\" height=\"99\" \/><\/a><\/p>\n","protected":false},"excerpt":{"rendered":"<p>El vigu\u00e9s Manuel \u00c1lvarez ha desarrollado el &#8216;Aerol\u00edvico&#8217;, un prototipo de veh\u00edculo a\u00e9reo que pretende ser accesible a todos los bolsillos Empez\u00f3 en el garaje de su casa, con paciencia,<\/p>\n","protected":false},"author":1,"featured_media":9955,"comment_status":"closed","ping_status":"open","sticky":false,"template":"","format":"standard","meta":{"footnotes":""},"categories":[1],"tags":[1080,1083,1078,1082,1081,1079,136],"class_list":["post-9913","post","type-post","status-publish","format-standard","has-post-thumbnail","hentry","category-actualidad","tag-autolivico","tag-coche-volador","tag-ingenieria","tag-investigacion","tag-transporte","tag-vehiculo-aereo","tag-vigo"],"_links":{"self":[{"href":"https:\/\/www.sibuscascoche.com\/noticias\/wp-json\/wp\/v2\/posts\/9913","targetHints":{"allow":["GET"]}}],"collection":[{"href":"https:\/\/www.sibuscascoche.com\/noticias\/wp-json\/wp\/v2\/posts"}],"about":[{"href":"https:\/\/www.sibuscascoche.com\/noticias\/wp-json\/wp\/v2\/types\/post"}],"author":[{"embeddable":true,"href":"https:\/\/www.sibuscascoche.com\/noticias\/wp-json\/wp\/v2\/users\/1"}],"replies":[{"embeddable":true,"href":"https:\/\/www.sibuscascoche.com\/noticias\/wp-json\/wp\/v2\/comments?post=9913"}],"version-history":[{"count":27,"href":"https:\/\/www.sibuscascoche.com\/noticias\/wp-json\/wp\/v2\/posts\/9913\/revisions"}],"predecessor-version":[{"id":9954,"href":"https:\/\/www.sibuscascoche.com\/noticias\/wp-json\/wp\/v2\/posts\/9913\/revisions\/9954"}],"wp:featuredmedia":[{"embeddable":true,"href":"https:\/\/www.sibuscascoche.com\/noticias\/wp-json\/wp\/v2\/media\/9955"}],"wp:attachment":[{"href":"https:\/\/www.sibuscascoche.com\/noticias\/wp-json\/wp\/v2\/media?parent=9913"}],"wp:term":[{"taxonomy":"category","embeddable":true,"href":"https:\/\/www.sibuscascoche.com\/noticias\/wp-json\/wp\/v2\/categories?post=9913"},{"taxonomy":"post_tag","embeddable":true,"href":"https:\/\/www.sibuscascoche.com\/noticias\/wp-json\/wp\/v2\/tags?post=9913"}],"curies":[{"name":"wp","href":"https:\/\/api.w.org\/{rel}","templated":true}]}}