{"id":983,"date":"2013-12-04T13:01:30","date_gmt":"2013-12-04T12:01:30","guid":{"rendered":"https:\/\/www.sibuscascoche.com\/noticias\/?p=983"},"modified":"2014-01-15T10:32:53","modified_gmt":"2014-01-15T09:32:53","slug":"concept-psa-velv-peugeot-citroen","status":"publish","type":"post","link":"https:\/\/www.sibuscascoche.com\/noticias\/2013\/concept-psa-velv-peugeot-citroen\/","title":{"rendered":"Un el\u00e9ctrico para ciudad, llega el Concept PSA V\u00e9lV"},"content":{"rendered":"<p><img loading=\"lazy\" decoding=\"async\" class=\"size-full wp-image-990 alignleft\" alt=\"PSA VeLV\" src=\"https:\/\/www.sibuscascoche.com\/noticias\/wp-content\/uploads\/2013\/12\/velv-3.jpg\" width=\"300\" height=\"200\" \/><\/p>\n<p style=\"text-align: justify;\">El <b>Concept PSA V\u00e9lV, <\/b>creado por el grupo Peugeot Citro\u00ebn es un veh\u00edculo el\u00e9ctrico ligero, fabricado exclusivamente para ser conducido por ciudad. Se trata, por tanto, de un coche ecol\u00f3gico que se a\u00f1ade a la serie de veh\u00edculos que han comenzado a salir al mercado \u00faltimamente, como es el caso del Wolkwagen Nils, el Renault Twizy, el Opel e RAK y el Urban de Audi.<\/p>\n<p style=\"text-align: justify;\">La invenci\u00f3n de este nuevo autom\u00f3vil 100% el\u00e9ctrico nace a partir de la idea de que alrededor del 60% de los desplazamientos urbanos se realizan solamente con el conductor a bordo, lo cual supone un alto nivel de contaminaci\u00f3n y un importante impacto para la calidad del aire. Con lo cual este <b>peque\u00f1o veh\u00edculo el\u00e9ctrico<\/b> pretende ser un coche <b>completamente ecol\u00f3gico<\/b>, nacido como producto de una estrecha colaboraci\u00f3n entre el grupo PSA y la Agencia francesa Medio Ambiente y Gesti\u00f3n de Energ\u00eda (ADEME).<\/p>\n<h5 style=\"text-align: justify;\"><b>Estructura del PSA V\u00e9LV<\/b><\/h5>\n<p style=\"text-align: justify;\">En este veh\u00edculo pueden desplazarse <b>3 personas<\/b> debido a la estructura de la que ha sido dotado, con una longitud en su parte posterior de 2,81 metros, pleg\u00e1ndose sobre un eje tan estrecho que s\u00f3lo necesita de un \u00fanico amortiguador para controlar los cambios en las dos ruedas traseras. Convirti\u00e9ndose en un peculiar veh\u00edculo de cuatro ruedas, pero considerado triciclo. De hecho es la propia distancia entre ambas ruedas, 46 mil\u00edmetros la que convierte a este veh\u00edculo en <b>un triciclo, capaz de circular por todas aquellas v\u00edas urbanas abiertas al tr\u00e1fico.<\/b> Es por ello que no es necesario contar con un Carn\u00e9t tipo B para poder circular, solamente bastar\u00e1 con un <b>permiso A.<\/b><\/p>\n<p style=\"text-align: justify;\">En cuanto a su <b>chasis,<\/b> \u00e9ste ha sido fabricado a base <b>de fibra de vidrio y resina de poli\u00e9ster<\/b>. No obstante, para la parte delantera y las puertas se ha utilizado <b>aluminio<\/b>. Siendo esto suficiente para superar las pruebas de choque que se exigen hoy en d\u00eda.<\/p>\n<p style=\"text-align: justify;\">Cabe destacar que incluso a pesar de ser un peque\u00f1o veh\u00edculo biplaza sus especificaciones no resultan nada despreciables, pues <b>pesa unos 700 kg,<\/b> el doble que su competidor, el Twizy.<\/p>\n<h5 style=\"text-align: justify;\"><b>Potencia y motor<\/b><\/h5>\n<p><img loading=\"lazy\" decoding=\"async\" class=\"alignright size-full wp-image-993\" alt=\"PSA VeLV, vehiculos ocasi\u00f3n\" src=\"https:\/\/www.sibuscascoche.com\/noticias\/wp-content\/uploads\/2013\/12\/velv-3d.jpg\" width=\"300\" height=\"200\" \/><\/p>\n<p style=\"text-align: justify;\">En cuanto a la potencia, se trata de un coche <b>aut\u00e9nticamente urbano<\/b> ya que cuenta con una potencia reducida de 41 CV, pudiendo alcanzar una velocidad m\u00e1xima de 110 km\/h al igual que el resto de sus rivales en el mercado a excepci\u00f3n de Twizy cuyas prestaciones son menores, con una velocidad m\u00e1xima de 80 km\/h.<\/p>\n<p style=\"text-align: justify;\">En cuanto a su radio de acci\u00f3n, el <b>PSA V\u00e9LV<\/b> puede ser conducido durante 100 kil\u00f3metros antes de que necesite ser recargado, contando con una capacidad de 8,5 kWh. Se trata pues en conjunto de una importante evoluci\u00f3n en comparaci\u00f3n con su predecesor que solamente contaba con 27 CV y con 20 kW.<\/p>\n<p style=\"text-align: justify;\">En cualquier caso todo parece apuntar a que este nuevo veh\u00edculo se convertir\u00e1 en el pilar fundamental\u00a0 de los futuros modelos ecol\u00f3gicos de PSA. Y es que, como hemos podido ver en los \u00faltimos meses, las marcas francesas y alemanas ya han\u00a0 presentado sus nuevos veh\u00edculos ecol\u00f3gicos, convirti\u00e9ndose as\u00ed en los pioneros en el respeto al medio ambiente. Lo cual no hace sino reflejar que la <b>carrera por conseguir crear el coche el\u00e9ctrico <\/b>m\u00e1s eficiente, con mejor autonom\u00eda y mejores prestaciones, no ha hecho m\u00e1s que empezar.<\/p>\n","protected":false},"excerpt":{"rendered":"<p>El Concept PSA V\u00e9lV, creado por el grupo Peugeot Citro\u00ebn es un veh\u00edculo el\u00e9ctrico ligero, fabricado exclusivamente para ser conducido por ciudad. Se trata, por tanto, de un coche ecol\u00f3gico<\/p>\n","protected":false},"author":1,"featured_media":987,"comment_status":"closed","ping_status":"open","sticky":false,"template":"","format":"standard","meta":{"footnotes":""},"categories":[10,8],"tags":[148,125,123],"class_list":["post-983","post","type-post","status-publish","format-standard","has-post-thumbnail","hentry","category-hibridos-electricos","category-lanzamientos","tag-citroen","tag-peugeot","tag-vehiculo-electrico"],"_links":{"self":[{"href":"https:\/\/www.sibuscascoche.com\/noticias\/wp-json\/wp\/v2\/posts\/983","targetHints":{"allow":["GET"]}}],"collection":[{"href":"https:\/\/www.sibuscascoche.com\/noticias\/wp-json\/wp\/v2\/posts"}],"about":[{"href":"https:\/\/www.sibuscascoche.com\/noticias\/wp-json\/wp\/v2\/types\/post"}],"author":[{"embeddable":true,"href":"https:\/\/www.sibuscascoche.com\/noticias\/wp-json\/wp\/v2\/users\/1"}],"replies":[{"embeddable":true,"href":"https:\/\/www.sibuscascoche.com\/noticias\/wp-json\/wp\/v2\/comments?post=983"}],"version-history":[{"count":18,"href":"https:\/\/www.sibuscascoche.com\/noticias\/wp-json\/wp\/v2\/posts\/983\/revisions"}],"predecessor-version":[{"id":1156,"href":"https:\/\/www.sibuscascoche.com\/noticias\/wp-json\/wp\/v2\/posts\/983\/revisions\/1156"}],"wp:featuredmedia":[{"embeddable":true,"href":"https:\/\/www.sibuscascoche.com\/noticias\/wp-json\/wp\/v2\/media\/987"}],"wp:attachment":[{"href":"https:\/\/www.sibuscascoche.com\/noticias\/wp-json\/wp\/v2\/media?parent=983"}],"wp:term":[{"taxonomy":"category","embeddable":true,"href":"https:\/\/www.sibuscascoche.com\/noticias\/wp-json\/wp\/v2\/categories?post=983"},{"taxonomy":"post_tag","embeddable":true,"href":"https:\/\/www.sibuscascoche.com\/noticias\/wp-json\/wp\/v2\/tags?post=983"}],"curies":[{"name":"wp","href":"https:\/\/api.w.org\/{rel}","templated":true}]}}