{"id":9770,"date":"2016-12-16T08:29:21","date_gmt":"2016-12-16T07:29:21","guid":{"rendered":"https:\/\/www.sibuscascoche.com\/noticias\/?p=9770"},"modified":"2016-12-16T17:29:28","modified_gmt":"2016-12-16T16:29:28","slug":"opel-insignia-2017-mas-grande-mas-premium","status":"publish","type":"post","link":"https:\/\/www.sibuscascoche.com\/noticias\/2016\/opel-insignia-2017-mas-grande-mas-premium\/","title":{"rendered":"Nuevo Opel Insignia 2017: m\u00e1s grande y m\u00e1s premium"},"content":{"rendered":"<p>El nuevo Opel Insignia se presentar\u00e1 en el <strong>Sal\u00f3n de Ginebra 2017<\/strong> y se prev\u00e9 que est\u00e9 a la venta en los concesionarios a partir de mayo del pr\u00f3ximo a\u00f1o. Respecto al <strong><a href=\"https:\/\/www.sibuscascoche.com\/noticias\/2014\/novedades-opel-insignia-2014\/\" target=\"_blank\">Insignia 2014<\/a><\/strong>\u00a0es m\u00e1s grande por fuera y por dentro y tiene un equipamiento mejorado. El modelo que viene supone un salto considerable para el sed\u00e1n de Opel que <strong>pretende posicionarse m\u00e1s alto<\/strong> y llamar la atenci\u00f3n de aquellos clientes que busquen <strong>un modelo premium<\/strong> a la hora de <strong>comprar coche<\/strong>.<\/p>\n<p>La segunda generaci\u00f3n del Insignia estar\u00e1 <strong>basada en la plataforma E2<\/strong>, desarrollada por Opel pero empleada globalmente por General Motors. Desaparece una de las tres carrocer\u00edas existentes en la actualidad \u2013 la de cuatro puertas-, la de cinco estrena denominaci\u00f3n \u2013 Grand Sport &#8211; y la familiar se mantiene -Sports Tourer.<\/p>\n<p>La primera versi\u00f3n que se ofrecer\u00e1 ser\u00e1 la del <strong>Opel Insignia Grand Sport<\/strong>, que reduce su peso en 175 kg respecto a su predecesor y crece ligeramente en 5,5 cms. El aumento de la distancia entre ejes &#8211; 9,2 cm.- y una arquitectura completamente nueva dejan <strong>m\u00e1s espacio al conductor<\/strong> tanto a la altura de las caderas como a la altura de los hombros. Ir\u00e1 sentado 3 cms. m\u00e1s bajo que en el modelo anterior en consonancia con un incremento de deportividad en el modelo. Una <strong>l\u00ednea m\u00e1s din\u00e1mica y agresiva<\/strong> que Opel ya comenz\u00f3 a adquirir con el nuevo <a href=\"https:\/\/www.sibuscascoche.com\/noticias\/2015\/nuevo-opel-astra-k-2016\/\" target=\"_blank\"><strong>Opel Astra<\/strong><\/a> y el <a href=\"https:\/\/www.sibuscascoche.com\/noticias\/2016\/nuevo-mokka-respira-renovacion\/\" target=\"_blank\"><strong>Opel Mokka<\/strong><\/a>, aunque con este segundo en menor medida. El volumen del maletero entre 490 y 1.450 litros tampoco decepciona lo m\u00e1s m\u00ednimo.<\/p>\n<p><img loading=\"lazy\" decoding=\"async\" class=\"alignright size-full wp-image-9774\" alt=\"opel-insignia-2017-comprar-coche-premium\" src=\"https:\/\/www.sibuscascoche.com\/noticias\/wp-content\/uploads\/2016\/12\/opel-insignia-interior-comprar-coche-premium.jpg\" width=\"300\" height=\"200\" \/><\/p>\n<p>El interior ofrece una<strong> clase y una funcionalidad propia de un modelo premium<\/strong>. En cuanto a <strong>tecnolog\u00eda y conectividad<\/strong>, destaca la c\u00e1mara de visi\u00f3n 360\u00ba, el control de crucero adaptativo con frenada aut\u00f3noma de emergencia o el asistente de mantenimiento de carril con correcci\u00f3n autom\u00e1tica de la direcci\u00f3n adem\u00e1s de la <strong>\u00faltima versi\u00f3n IntelliLink<\/strong>, que ahora se completa con un sistema de recarga inal\u00e1mbrica para el tel\u00e9fono.<\/p>\n<p>Respecto a la motorizaci\u00f3n, se sabe que contar\u00e1 con una <strong>amplia gama de motores turbo<\/strong> de \u00faltima generaci\u00f3n y diferentes transmisiones. Asimismo se ofertar\u00e1 una nueva y eficiente <strong>caja de cambios autom\u00e1tica de ocho velocidades<\/strong>, si bien s\u00f3lo estar\u00e1 disponible en combinaci\u00f3n con tracci\u00f3n a las cuatro ruedas.<\/p>\n<p>Este<strong> derroche tecnol\u00f3gico y material<\/strong> tiene un doble prop\u00f3sito, ya que este proyecto no solo dar\u00e1 vida al sed\u00e1n de Opel, sino que desarrollado en Alemania, ser\u00e1 comercializado en muy distintos mercados bajo las ense\u00f1as de Buick y Holden, y como es habitual, con el logo de Vauxhall en el Reino Unido. <strong>Cuatro distintos modelos<\/strong>, que solo en Europa compartir\u00e1n nombre y la oferta mec\u00e1nica al completo, que deben <strong>satisfacer la demanda de mercados<\/strong> tan dispares como el australiano, el europeo, el norteamericano y el chino.<\/p>\n<p>Si est\u00e1s convencido de que el Opel Insignia es tu coche, en <a href=\"https:\/\/www.sibuscascoche.com\/\" target=\"_blank\"><strong>Sibuscascoche.com<\/strong><\/a>, nuestro portal para la compra de coches de ocasi\u00f3n, tenemos variedad de <a href=\"https:\/\/www.sibuscascoche.com\/coches-ocasion\/opel\" target=\"_blank\"><strong>ofertas de este modelo<\/strong><\/a> que todav\u00eda tardar\u00e1 unos meses en tener sustituto.<\/p>\n","protected":false},"excerpt":{"rendered":"<p>El nuevo Opel Insignia se presentar\u00e1 en el Sal\u00f3n de Ginebra 2017 y se prev\u00e9 que est\u00e9 a la venta en los concesionarios a partir de mayo del pr\u00f3ximo a\u00f1o.<\/p>\n","protected":false},"author":6,"featured_media":9773,"comment_status":"closed","ping_status":"open","sticky":false,"template":"","format":"standard","meta":{"footnotes":""},"categories":[1,8],"tags":[1074,356,41],"class_list":["post-9770","post","type-post","status-publish","format-standard","has-post-thumbnail","hentry","category-actualidad","category-lanzamientos","tag-grand-sport","tag-insignia","tag-opel"],"_links":{"self":[{"href":"https:\/\/www.sibuscascoche.com\/noticias\/wp-json\/wp\/v2\/posts\/9770","targetHints":{"allow":["GET"]}}],"collection":[{"href":"https:\/\/www.sibuscascoche.com\/noticias\/wp-json\/wp\/v2\/posts"}],"about":[{"href":"https:\/\/www.sibuscascoche.com\/noticias\/wp-json\/wp\/v2\/types\/post"}],"author":[{"embeddable":true,"href":"https:\/\/www.sibuscascoche.com\/noticias\/wp-json\/wp\/v2\/users\/6"}],"replies":[{"embeddable":true,"href":"https:\/\/www.sibuscascoche.com\/noticias\/wp-json\/wp\/v2\/comments?post=9770"}],"version-history":[{"count":7,"href":"https:\/\/www.sibuscascoche.com\/noticias\/wp-json\/wp\/v2\/posts\/9770\/revisions"}],"predecessor-version":[{"id":9779,"href":"https:\/\/www.sibuscascoche.com\/noticias\/wp-json\/wp\/v2\/posts\/9770\/revisions\/9779"}],"wp:featuredmedia":[{"embeddable":true,"href":"https:\/\/www.sibuscascoche.com\/noticias\/wp-json\/wp\/v2\/media\/9773"}],"wp:attachment":[{"href":"https:\/\/www.sibuscascoche.com\/noticias\/wp-json\/wp\/v2\/media?parent=9770"}],"wp:term":[{"taxonomy":"category","embeddable":true,"href":"https:\/\/www.sibuscascoche.com\/noticias\/wp-json\/wp\/v2\/categories?post=9770"},{"taxonomy":"post_tag","embeddable":true,"href":"https:\/\/www.sibuscascoche.com\/noticias\/wp-json\/wp\/v2\/tags?post=9770"}],"curies":[{"name":"wp","href":"https:\/\/api.w.org\/{rel}","templated":true}]}}