{"id":9742,"date":"2016-12-16T08:32:17","date_gmt":"2016-12-16T07:32:17","guid":{"rendered":"https:\/\/www.sibuscascoche.com\/noticias\/?p=9742"},"modified":"2016-12-16T17:32:30","modified_gmt":"2016-12-16T16:32:30","slug":"volkswagen-arteon-sedan-deportivo-llegara-2017","status":"publish","type":"post","link":"https:\/\/www.sibuscascoche.com\/noticias\/2016\/volkswagen-arteon-sedan-deportivo-llegara-2017\/","title":{"rendered":"Volkswagen Arteon: un sed\u00e1n deportivo que llegar\u00e1 en el 2017"},"content":{"rendered":"<p>Elegancia y deportividad. Estos dos conceptos son los que mejor definen al <strong>Volkswagen Arteon<\/strong>, el pr\u00f3ximo sed\u00e1n coup\u00e9 que presentar\u00e1 oficialmente la marca Volkswagen en marzo de 2017 en el Sal\u00f3n de Ginebra.<\/p>\n<p>M\u00e1s all\u00e1 de la fecha de presentaci\u00f3n prevista, la marca alemana no ha revelado por el momento demasiados detalles del nuevo modelo del que tan solo ha mostrado unas cuantas im\u00e1genes a modo de boceto. Ser\u00e1 un <strong>sed\u00e1n de cuatro puertas<\/strong> con una zaga tipo \u201cfastback\u201d y contar\u00e1 con faros tridimensionales e iluminaci\u00f3n LED. Incorporar\u00e1 l\u00edneas visuales expresivas acentuando su horizontalidad y las ventanillas ir\u00e1n sin marco para dotarle de mayor amplitud.<\/p>\n<p>El nombre con el que lo han bautizado ya nos da alguna pista de su car\u00e1cter. Arte\u00f3n \u2013con \u00e9nfasis en la A, no en la O- es la uni\u00f3n de \u201cart\u201d, que describe el proceso de dise\u00f1o, y \u201ceon\u201d, terminaci\u00f3n usada para los modelos premium que distingue a algunos de los modelos m\u00e1s sofisticados de Volkswagen, como el Phaeton o, en China, al Phideon.<\/p>\n<p><img loading=\"lazy\" decoding=\"async\" class=\"alignright size-full wp-image-9745\" alt=\"comprar-coche-Volkswagen-Arteon-2017\" src=\"https:\/\/www.sibuscascoche.com\/noticias\/wp-content\/uploads\/2016\/12\/volkswagen-arteon-2017-comprar-coche.jpg\" width=\"300\" height=\"200\" \/><\/p>\n<p>El Arte\u00f3n podr\u00edamos considerarlo una <strong>evoluci\u00f3n del Volkswagen Sport Coup\u00e9 GTE<\/strong> que se hab\u00eda presentado en el mismo\u00a0Sal\u00f3n\u00a0de Ginebra en marzo de 2015 y que ya anticipaba las l\u00edneas de un modelo aparentemente <strong>construido sobre la plataforma del Volkswagen Passat CC<\/strong>. En el caso del modelo que veremos en Suiza en marzo, sabemos que tiene un <strong>enfoque premium<\/strong>, inmediatamente por encima del Passat, y que est\u00e1 llamado a entrar en una categor\u00eda diferente al resto de modelos de la gama Volkswagen. El concepto del Arteon ser\u00e1 muy parecido al del CC que conoc\u00edamos hasta la fecha: un sed\u00e1n elegante, de est\u00e9tica atrevida y rasgos de coup\u00e9.<\/p>\n<p>En cualquier caso, habr\u00e1 que esperar hasta el <strong>verano de 2017,<\/strong> una vez llegue a los concesionarios, para poder comprar el nuevo modelo. Ser\u00e1 entonces cuando salgamos de dudas acerca de su dise\u00f1o y otros muchos detalles que estamos deseando conocer. Mientras tanto, si lo que buscas es <strong><a href=\"https:\/\/www.sibuscascoche.com\/coches-ocasion\/volkswagen\/passat\" target=\"_blank\">comprar coche Volkswagen<\/a> <\/strong>dentro del estilo sed\u00e1n y a un precio inmejorable, en nuestro portal para la compra de coches de ocasi\u00f3n <a href=\"https:\/\/www.sibuscascoche.com\/\" target=\"_blank\">Sibuscascoche.com<\/a> puedes encontrar variedad de modelos a un precio inmejorable.<\/p>\n","protected":false},"excerpt":{"rendered":"<p>Elegancia y deportividad. Estos dos conceptos son los que mejor definen al Volkswagen Arteon, el pr\u00f3ximo sed\u00e1n coup\u00e9 que presentar\u00e1 oficialmente la marca Volkswagen en marzo de 2017 en el<\/p>\n","protected":false},"author":6,"featured_media":9744,"comment_status":"closed","ping_status":"open","sticky":false,"template":"","format":"standard","meta":{"footnotes":""},"categories":[8],"tags":[1438,1073,118,1072],"class_list":["post-9742","post","type-post","status-publish","format-standard","has-post-thumbnail","hentry","category-lanzamientos","tag-coupe","tag-premium","tag-sedan","tag-volkswagen-arteon"],"_links":{"self":[{"href":"https:\/\/www.sibuscascoche.com\/noticias\/wp-json\/wp\/v2\/posts\/9742","targetHints":{"allow":["GET"]}}],"collection":[{"href":"https:\/\/www.sibuscascoche.com\/noticias\/wp-json\/wp\/v2\/posts"}],"about":[{"href":"https:\/\/www.sibuscascoche.com\/noticias\/wp-json\/wp\/v2\/types\/post"}],"author":[{"embeddable":true,"href":"https:\/\/www.sibuscascoche.com\/noticias\/wp-json\/wp\/v2\/users\/6"}],"replies":[{"embeddable":true,"href":"https:\/\/www.sibuscascoche.com\/noticias\/wp-json\/wp\/v2\/comments?post=9742"}],"version-history":[{"count":7,"href":"https:\/\/www.sibuscascoche.com\/noticias\/wp-json\/wp\/v2\/posts\/9742\/revisions"}],"predecessor-version":[{"id":9751,"href":"https:\/\/www.sibuscascoche.com\/noticias\/wp-json\/wp\/v2\/posts\/9742\/revisions\/9751"}],"wp:featuredmedia":[{"embeddable":true,"href":"https:\/\/www.sibuscascoche.com\/noticias\/wp-json\/wp\/v2\/media\/9744"}],"wp:attachment":[{"href":"https:\/\/www.sibuscascoche.com\/noticias\/wp-json\/wp\/v2\/media?parent=9742"}],"wp:term":[{"taxonomy":"category","embeddable":true,"href":"https:\/\/www.sibuscascoche.com\/noticias\/wp-json\/wp\/v2\/categories?post=9742"},{"taxonomy":"post_tag","embeddable":true,"href":"https:\/\/www.sibuscascoche.com\/noticias\/wp-json\/wp\/v2\/tags?post=9742"}],"curies":[{"name":"wp","href":"https:\/\/api.w.org\/{rel}","templated":true}]}}