{"id":9685,"date":"2016-12-02T13:38:48","date_gmt":"2016-12-02T12:38:48","guid":{"rendered":"https:\/\/www.sibuscascoche.com\/noticias\/?p=9685"},"modified":"2016-12-03T13:40:12","modified_gmt":"2016-12-03T12:40:12","slug":"dacia-renueva-toda-su-gama","status":"publish","type":"post","link":"https:\/\/www.sibuscascoche.com\/noticias\/2016\/dacia-renueva-toda-su-gama\/","title":{"rendered":"Dacia renueva toda su gama"},"content":{"rendered":"<p>Todos los modelos de la marca reciben una <strong>actualizaci\u00f3n, est\u00e9tica, mec\u00e1nica<\/strong> o ambas, con la intenci\u00f3n de hacer la marca m\u00e1s deseable para el gran p\u00fablico. Algunos modelos como el Nuevo Sandero, Nuevo Sandero Stepway, Nuevo Logan y Nuevo Logan MCV tendr\u00e1n una renovaci\u00f3n integral, mientras que otros como el Dokker, Dokker Van y Lodgy, tendr\u00e1n solo cambios en el dise\u00f1o.<\/p>\n<p>El Sandero y el Logan pasar\u00e1n a tener un dise\u00f1o m\u00e1s fresco, sobre todo en el frontal, contar\u00e1n con <strong>luces LED diurnas<\/strong> integradas en los faros principales, y <strong>antinieblas<\/strong>, lo que supone una gran ayuda para el d\u00eda a d\u00eda. Tambi\u00e9n cambiar\u00e1 el dise\u00f1o de los paragolpes y tendr\u00e1n una nueva parrilla cromada, en la que ir\u00e1n cuatro bloques de luz rectangulares lo que lo har\u00e1 m\u00e1s reconocible.<\/p>\n<p><img loading=\"lazy\" decoding=\"async\" class=\"alignright size-full wp-image-9687\" alt=\"Dacia Galicia\" src=\"https:\/\/www.sibuscascoche.com\/noticias\/wp-content\/uploads\/2016\/11\/nuevo-dacia-interior.jpg\" width=\"300\" height=\"200\" \/><\/p>\n<p>En la trasera tambi\u00e9n habr\u00e1 bloques luminosos de cuatro cuadros, por lo que homogeneiza el dise\u00f1o. El paragolpes trasero tambi\u00e9n cambia el dise\u00f1o y se a\u00f1aden m\u00e1s detalles cromados. El conjunto se completa con m\u00e1s embellecedores que buscan crear un nuevo estilo m\u00e1s actual en el dise\u00f1o.<\/p>\n<p>En el interior tambi\u00e9n se realizan cambios importantes en el dise\u00f1o, el <strong>volante<\/strong> pasa a ser de 4 radios, <strong>multifunci\u00f3n<\/strong>, con el claxon integrado en la parte central, en el que tambi\u00e9n a\u00f1adir\u00e1n el logotipo de la marca. Los mandos de los <strong>elevalunas el\u00e9ctricos<\/strong> se han reubicado buscando una mayor funcionalidad y los delanteros tendr\u00e1n la funci\u00f3n \u201cun toque\u201d. Los pl\u00e1sticos ser\u00e1n de mayor calidad y a\u00f1adir\u00e1n cromados que den un toque de mayor elegancia al conjunto. Se han a\u00f1adido compartimentos para guardar objetos, un hueco para botellas, un apoyabrazos central delantero y una <strong>toma de 12V<\/strong> para poder cargar los dispositivos m\u00f3viles. Adem\u00e1s el Lodgy y el Dokker tendr\u00e1n mesas para las plazas traseras.<\/p>\n<p>En las mejoras de equipamiento tambi\u00e9n hay que a\u00f1adir la incorporaci\u00f3n de una <strong>c\u00e1mara posterior<\/strong>\u00a0en el Dokker y el Dokker Van y el asistente de <strong>arranque en cuestas<\/strong>. En cuanto a los motores, toda la gama incorpora un nuevo motor de SCe 75, de 1.0 litro y 75 CV y 97,5 Nm de par m\u00e1ximo que sustituye al anterior 1.2i 16v. Supone un ahorro del 10% tanto en emisiones como en consumo, a lo que tambi\u00e9n ayudar\u00e1 la caja de cambios EDC, exclusiva para el Duster y que ser\u00e1 autom\u00e1tica de doble embrague y seis marchas. Se podr\u00e1 combinar con la tracci\u00f3n delantera y el motor DCI de 110 caballos.<\/p>\n<p>Estos cambios ayudar\u00e1n sin duda a la marca rumana a actualizar su dise\u00f1o y prestaciones para que sigan siendo muy competitivos.<\/p>\n","protected":false},"excerpt":{"rendered":"<p>Todos los modelos de la marca reciben una actualizaci\u00f3n, est\u00e9tica, mec\u00e1nica o ambas, con la intenci\u00f3n de hacer la marca m\u00e1s deseable para el gran p\u00fablico. Algunos modelos como el<\/p>\n","protected":false},"author":1,"featured_media":9686,"comment_status":"closed","ping_status":"open","sticky":false,"template":"","format":"standard","meta":{"footnotes":""},"categories":[1],"tags":[],"class_list":["post-9685","post","type-post","status-publish","format-standard","has-post-thumbnail","hentry","category-actualidad"],"_links":{"self":[{"href":"https:\/\/www.sibuscascoche.com\/noticias\/wp-json\/wp\/v2\/posts\/9685","targetHints":{"allow":["GET"]}}],"collection":[{"href":"https:\/\/www.sibuscascoche.com\/noticias\/wp-json\/wp\/v2\/posts"}],"about":[{"href":"https:\/\/www.sibuscascoche.com\/noticias\/wp-json\/wp\/v2\/types\/post"}],"author":[{"embeddable":true,"href":"https:\/\/www.sibuscascoche.com\/noticias\/wp-json\/wp\/v2\/users\/1"}],"replies":[{"embeddable":true,"href":"https:\/\/www.sibuscascoche.com\/noticias\/wp-json\/wp\/v2\/comments?post=9685"}],"version-history":[{"count":3,"href":"https:\/\/www.sibuscascoche.com\/noticias\/wp-json\/wp\/v2\/posts\/9685\/revisions"}],"predecessor-version":[{"id":9731,"href":"https:\/\/www.sibuscascoche.com\/noticias\/wp-json\/wp\/v2\/posts\/9685\/revisions\/9731"}],"wp:featuredmedia":[{"embeddable":true,"href":"https:\/\/www.sibuscascoche.com\/noticias\/wp-json\/wp\/v2\/media\/9686"}],"wp:attachment":[{"href":"https:\/\/www.sibuscascoche.com\/noticias\/wp-json\/wp\/v2\/media?parent=9685"}],"wp:term":[{"taxonomy":"category","embeddable":true,"href":"https:\/\/www.sibuscascoche.com\/noticias\/wp-json\/wp\/v2\/categories?post=9685"},{"taxonomy":"post_tag","embeddable":true,"href":"https:\/\/www.sibuscascoche.com\/noticias\/wp-json\/wp\/v2\/tags?post=9685"}],"curies":[{"name":"wp","href":"https:\/\/api.w.org\/{rel}","templated":true}]}}