{"id":955,"date":"2013-12-10T10:53:08","date_gmt":"2013-12-10T09:53:08","guid":{"rendered":"https:\/\/www.sibuscascoche.com\/noticias\/?p=955"},"modified":"2015-07-10T14:08:19","modified_gmt":"2015-07-10T12:08:19","slug":"mercedes-clase-b-electric-drive","status":"publish","type":"post","link":"https:\/\/www.sibuscascoche.com\/noticias\/2013\/mercedes-clase-b-electric-drive\/","title":{"rendered":"Mercedes Clase B Electric Drive, 200 km de autonom\u00eda"},"content":{"rendered":"<p style=\"text-align: justify;\">El nuevo<b> Mercedes Clase B Electric Drive <\/b>fue presentado en el Sal\u00f3n de Nueva York hacia el mes de marzo de 2013. Est\u00e1 basado en el <span style=\"color: #0071b9;\"><a href=\"https:\/\/www.sibuscascoche.com\/coches-ocasion\/mercedes\/clase-b\"><span style=\"color: #0071b9;\">Mercedes Clase B<\/span><\/a><\/span> habitual. Este veh\u00edculo nace con una clara vocaci\u00f3n de ser comercializado. De ah\u00ed que haya sido dotado con una bater\u00eda que se caracteriza por su pragmatismo, pues en menos de 2 horas puede conseguirse una carga para dar al coche una autonom\u00eda de 100 km. No obstante no podr\u00e1 adquirirse hasta el a\u00f1o 2014.<b><\/b><\/p>\n<h5 style=\"text-align: justify;\"><b>Potencia y motor<\/b><\/h5>\n<p><img loading=\"lazy\" decoding=\"async\" class=\"size-full wp-image-964 alignleft\" title=\"Mercedes Clase B Electric Drive\" alt=\"Mercedes Clase B Electric Drive\" src=\"https:\/\/www.sibuscascoche.com\/noticias\/wp-content\/uploads\/2013\/12\/114887-607-373.jpg\" width=\"300\" height=\"184\" \/><\/p>\n<p style=\"text-align: justify;\">Est\u00e1 dotado con una bater\u00eda de i\u00f3n-litio de unos 28 KWh que permite pasar de 0 a 100 km\/h en tan s\u00f3lo 10 segundos. No obstante, su velocidad ha sido limitada de forma electr\u00f3nica a 160 km\/h. Adem\u00e1s su bater\u00eda cuenta con una autonom\u00eda de unos 200 km aproximadamente, pudi\u00e9ndose realizar la recarga en cualquier enchufe convencional. Para ello son necesarios m\u00e1s o menos 3 horas de carga.<\/p>\n<p style=\"text-align: justify;\">Para un mejor control de la bater\u00eda, el coche incorpora un marcador de potencia para que el conductor pueda controlar el estado de la carga y no est\u00e9 sujeto a posibles sorpresas en este aspecto. Esto incluso podr\u00e1 verse accediendo a una p\u00e1gina web donde se explica todo al detalle, incluyendo adem\u00e1s puntos de recarga que pueden encontrarse durante el trayecto.<\/p>\n<h5 style=\"text-align: justify;\"><b>Est\u00e9tica del veh\u00edculo<\/b><\/h5>\n<p style=\"text-align: justify;\">Este nuevo veh\u00edculo est\u00e1 basado en el Clase B convencional, pero adem\u00e1s est\u00e1 dotado con detalles internos de <b>estilo deportivo<\/b>, as\u00ed como otros de naturaleza Premium como la conexi\u00f3n a Internet.<\/p>\n<p style=\"text-align: justify;\">Por otro lado, cuenta con una distribuci\u00f3n pensada para ser espaciosa, es decir, los elementos se colocan en el interior del veh\u00edculo de manera que no priven de espacio a los ocupantes con el objetivo de lograr una mayor <b>comodidad <\/b>para los mismos. Una distribuci\u00f3n bautizada por la marca Stuttgart como <i>Energy Space.<\/i><\/p>\n<h5 style=\"text-align: justify;\">Equipamiento<\/h5>\n<p style=\"text-align: justify;\"><em id=\"__mceDel\"><img loading=\"lazy\" decoding=\"async\" class=\"alignright size-full wp-image-965\" title=\"Mercedes Clase B Electric Drive\" alt=\"Mercedes clase b electric drive, concesionario oficial\" src=\"https:\/\/www.sibuscascoche.com\/noticias\/wp-content\/uploads\/2013\/12\/Mercedes_Clase_B_Electric_Drive_6-650x417.jpg\" width=\"300\" height=\"192\" \/><\/em>En su interior todos los materiales que han sido empleados est\u00e1n pensados al detalle, siguiendo la filosof\u00eda de la marca alemana. De esta forma se crea un espacio envolvente para el conductor.<\/p>\n<p style=\"text-align: justify;\">En cuanto a la seguridad del veh\u00edculo, \u00e9ste cuenta con un <b>sistema de prevenci\u00f3n de choques<\/b> con asistente de frenada autom\u00e1tico para evitar colisiones y conseguir una conducci\u00f3n mucho m\u00e1s segura tanto para el propio veh\u00edculo como para terceras personas.<\/p>\n<p style=\"text-align: justify;\">Pero adem\u00e1s cuenta con una pantalla multifunci\u00f3n colocada de manera flotante en el panel principal, lo cual confiere un aspecto futurista al veh\u00edculo. A trav\u00e9s de esta pantalla de 14,7 cm puede accederse a los sistemas de comunicaci\u00f3n e informaci\u00f3n del coche. En el sistema Audio 20, se introduce adem\u00e1s la <b>radio CD<\/b> <b>con sistema de reproducci\u00f3n MP3<\/b> con conexi\u00f3n por USB.<\/p>\n<p style=\"text-align: justify;\">Adem\u00e1s este veh\u00edculo ha sido dotado con <b>conexi\u00f3n a Internet, navegaci\u00f3n y control por voz <i>Linguatronic.<\/i> <\/b>Eso s\u00ed, seg\u00fan el plan norteamericano de comercializaci\u00f3n se tratar\u00e1 de un extra.<\/p>\n<p style=\"text-align: justify;\">Por \u00faltimo decir que se espera que el nuevo <span style=\"color: #0071b9;\"><a href=\"http:\/\/www.mercedes-benz.es\/content\/spain\/mpc\/mpc_spain_website\/es\/home_mpc\/passengercars\/home\/new_cars\/models\/b-class\/w242.flash.html\" target=\"_blank\" rel=\"noopener\"><span style=\"color: #0071b9;\"><b>Mercedes Clase B Electric Drive<\/b><\/span><\/a><\/span> salga al mercado a principios de 2014 en Estado Unidos y que vaya progresivamente introduci\u00e9ndose en los mercados europeos tambi\u00e9n. Es por ello que habr\u00e1 que esperar un tiempo hasta que podamos verlo por fin circulando por nuestras carreteras.<\/p>\n","protected":false},"excerpt":{"rendered":"<p>El nuevo Mercedes Clase B Electric Drive fue presentado en el Sal\u00f3n de Nueva York hacia el mes de marzo de 2013. Est\u00e1 basado en el Mercedes Clase B habitual.<\/p>\n","protected":false},"author":1,"featured_media":963,"comment_status":"closed","ping_status":"open","sticky":false,"template":"","format":"standard","meta":{"footnotes":""},"categories":[10,8],"tags":[143,123],"class_list":["post-955","post","type-post","status-publish","format-standard","has-post-thumbnail","hentry","category-hibridos-electricos","category-lanzamientos","tag-mercedes","tag-vehiculo-electrico"],"_links":{"self":[{"href":"https:\/\/www.sibuscascoche.com\/noticias\/wp-json\/wp\/v2\/posts\/955","targetHints":{"allow":["GET"]}}],"collection":[{"href":"https:\/\/www.sibuscascoche.com\/noticias\/wp-json\/wp\/v2\/posts"}],"about":[{"href":"https:\/\/www.sibuscascoche.com\/noticias\/wp-json\/wp\/v2\/types\/post"}],"author":[{"embeddable":true,"href":"https:\/\/www.sibuscascoche.com\/noticias\/wp-json\/wp\/v2\/users\/1"}],"replies":[{"embeddable":true,"href":"https:\/\/www.sibuscascoche.com\/noticias\/wp-json\/wp\/v2\/comments?post=955"}],"version-history":[{"count":15,"href":"https:\/\/www.sibuscascoche.com\/noticias\/wp-json\/wp\/v2\/posts\/955\/revisions"}],"predecessor-version":[{"id":5928,"href":"https:\/\/www.sibuscascoche.com\/noticias\/wp-json\/wp\/v2\/posts\/955\/revisions\/5928"}],"wp:featuredmedia":[{"embeddable":true,"href":"https:\/\/www.sibuscascoche.com\/noticias\/wp-json\/wp\/v2\/media\/963"}],"wp:attachment":[{"href":"https:\/\/www.sibuscascoche.com\/noticias\/wp-json\/wp\/v2\/media?parent=955"}],"wp:term":[{"taxonomy":"category","embeddable":true,"href":"https:\/\/www.sibuscascoche.com\/noticias\/wp-json\/wp\/v2\/categories?post=955"},{"taxonomy":"post_tag","embeddable":true,"href":"https:\/\/www.sibuscascoche.com\/noticias\/wp-json\/wp\/v2\/tags?post=955"}],"curies":[{"name":"wp","href":"https:\/\/api.w.org\/{rel}","templated":true}]}}