{"id":9449,"date":"2016-11-23T11:30:54","date_gmt":"2016-11-23T10:30:54","guid":{"rendered":"https:\/\/www.sibuscascoche.com\/noticias\/?p=9449"},"modified":"2016-11-23T11:37:47","modified_gmt":"2016-11-23T10:37:47","slug":"coches-mas-vendidos-europa-septiembre-parte-1","status":"publish","type":"post","link":"https:\/\/www.sibuscascoche.com\/noticias\/2016\/coches-mas-vendidos-europa-septiembre-parte-1\/","title":{"rendered":"Los coches m\u00e1s vendidos en Europa en septiembre &#8211;  Parte I"},"content":{"rendered":"<p>Aqu\u00ed os traemos <strong>uno de los rankings del a\u00f1o m\u00e1s esperados<\/strong>, el de qu\u00e9 coches han sido los \u201celegidos\u201c por los conductores el pasado mes de septiembre. Esta lista puede resultar una buena referencia para los conductores inexpertos a la hora de escoger nuevo coche. Cuando uno se decanta por renovar el coche, se topa con una decisi\u00f3n algo dif\u00edcil: me decido a comprar un coche nuevo, un coche de ocasi\u00f3n, opto por uno de segunda mano\u2026 las posibilidades son muchas. Luego viene escoger la marca, el modelo, las prestaciones, etc. Pero a pesar de que puede resultar una decisi\u00f3n algo compleja hay <strong>determinadas marcas y modelos que no fallan<\/strong>, los consumidores a\u00f1o tras a\u00f1o<strong> las hacen las mejor posicionadas en los rankings de ventas<\/strong>. \u00bfPor algo ser\u00e1 no?<\/p>\n<p>Vamos a analizar los 10 modelos m\u00e1s vendidos este pasado mes de septiembre en toda Europa. El origen de las marcas, los precios, la carrocer\u00eda, el dise\u00f1o\u2026 son muchos los factores que intervienen a la hora de hacer nuestra elecci\u00f3n. Cierto es que uno suele esperar y pedir cosas diferentes a un coche de ocasi\u00f3n que a un coche nuevo. Solemos ser algo m\u00e1s exigentes a la hora de escoger estos \u00faltimos. El desembolso suele ser mayor y por tanto nuestras exigencias tambi\u00e9n lo son. Pese a esto, hay determinadas <strong>marcas y modelos que acostumbran a ocupar los mejores puestos de este ranking.<\/strong> Vamos a ver cu\u00e1les son y en qu\u00e9 puesto de la lista se encuentran:<\/p>\n<p>&nbsp;<\/p>\n<table class=\"table-bordered\">\n<thead>\n<tr>\n<th>Ranking<\/th>\n<th>\u00a0Marca y Modelo<\/th>\n<th>\u00a0Unidades vendidas<\/th>\n<\/tr>\n<\/thead>\n<tbody>\n<tr>\n<td>1<\/td>\n<td>Volkswagen Golf<\/td>\n<td>35.954 unidades<\/td>\n<\/tr>\n<tr>\n<td>2<\/td>\n<td>Ford Fiesta<\/td>\n<td>30.395 unidades<\/td>\n<\/tr>\n<tr>\n<td>3<\/td>\n<td>Opel Corsa<\/td>\n<td>25.495 unidades<\/td>\n<\/tr>\n<tr>\n<td>4<\/td>\n<td>Volkswagen Polo<\/td>\n<td>25.349 unidades<\/td>\n<\/tr>\n<tr>\n<td>5<\/td>\n<td>Renault Clio<\/td>\n<td>21.434 unidades<\/td>\n<\/tr>\n<tr>\n<td>6<\/td>\n<td>Nissan Qashqai<\/td>\n<td>19.628 unidades<\/td>\n<\/tr>\n<tr>\n<td>7<\/td>\n<td>Peugeot 208<\/td>\n<td>19.007 unidades<\/td>\n<\/tr>\n<tr>\n<td>8<\/td>\n<td>Opel Astra<\/td>\n<td>18.320 unidades<\/td>\n<\/tr>\n<tr>\n<td>9<\/td>\n<td>Mercedes-Benz Clase C<\/td>\n<td>17.676 unidades<\/td>\n<\/tr>\n<tr>\n<td>10<\/td>\n<td>Fiat 500<\/td>\n<td>17.086 unidades<\/td>\n<\/tr>\n<\/tbody>\n<\/table>\n<p>&nbsp;<\/p>\n<p>En primera posici\u00f3n nos topamos con el<strong> Volkswagen Golf<\/strong> y con 35.954 unidades vendidas, convirti\u00e9ndose as\u00ed en el veh\u00edculo m\u00e1s escogido por los europeos este a\u00f1o. Parece que la crisis sufrida este pasado a\u00f1o por el grupo alem\u00e1n ha sido superada, y con \u00e9xito por lo que podemos observar. El segundo lugar lo ocupa Ford, con su ya ic\u00f3nico modelo: el <strong>Ford Fiesta<\/strong>, con una cifra de 30.395 unidades vendidas. La tercera posici\u00f3n es para <strong>Opel Corsa<\/strong>, que ha vendido 25.495 unidades. Las siguientes posiciones descienden hasta las 17.000 unidades vendidas de <strong>Fiat 500<\/strong> en \u00faltima posici\u00f3n.<\/p>\n<p>El cuarto modelo de coche m\u00e1s vendido es el <strong>Volkswagen Polo<\/strong>, al que sigue <strong>Renault<\/strong> con su<strong> Clio<\/strong>, a continuaci\u00f3n <strong>Nissan Qashqai<\/strong>, le sigue el<strong> Peugeot 208<\/strong>, <strong>Opel Astra<\/strong> y el <strong>Mercedes-Benz Clase C<\/strong> el noveno m\u00e1s vendido.<\/p>\n<p>Si quieres saber cu\u00e1les son los siguientes 10 coches m\u00e1s vendidos de Europa este pasado mes de septiembre te lo contamos en la <span style=\"color: #0071b9;\"><a title=\"Los coches m\u00e1s vendidos en Europa en septiembre \u2013 Parte II\" href=\"https:\/\/www.sibuscascoche.com\/noticias\/2016\/coches-mas-vendidos-europa-septiembre-parte-2\/\"><span style=\"color: #0071b9;\">segunda parte de este art\u00edculo y \u00a1desc\u00fabrelo!<\/span><\/a><\/span><\/p>\n<p>&nbsp;<\/p>\n","protected":false},"excerpt":{"rendered":"<p>Aqu\u00ed os traemos uno de los rankings del a\u00f1o m\u00e1s esperados, el de qu\u00e9 coches han sido los \u201celegidos\u201c por los conductores el pasado mes de septiembre. Esta lista puede<\/p>\n","protected":false},"author":1,"featured_media":9454,"comment_status":"closed","ping_status":"open","sticky":false,"template":"","format":"standard","meta":{"footnotes":""},"categories":[1],"tags":[498,157,492,582,1056,360,22],"class_list":["post-9449","post","type-post","status-publish","format-standard","has-post-thumbnail","hentry","category-actualidad","tag-coche","tag-coche-de-ocasion","tag-coches","tag-coches-mas-vendidos","tag-ranking-coches-mas-vendidos","tag-segunda-mano","tag-volkswagen"],"_links":{"self":[{"href":"https:\/\/www.sibuscascoche.com\/noticias\/wp-json\/wp\/v2\/posts\/9449","targetHints":{"allow":["GET"]}}],"collection":[{"href":"https:\/\/www.sibuscascoche.com\/noticias\/wp-json\/wp\/v2\/posts"}],"about":[{"href":"https:\/\/www.sibuscascoche.com\/noticias\/wp-json\/wp\/v2\/types\/post"}],"author":[{"embeddable":true,"href":"https:\/\/www.sibuscascoche.com\/noticias\/wp-json\/wp\/v2\/users\/1"}],"replies":[{"embeddable":true,"href":"https:\/\/www.sibuscascoche.com\/noticias\/wp-json\/wp\/v2\/comments?post=9449"}],"version-history":[{"count":13,"href":"https:\/\/www.sibuscascoche.com\/noticias\/wp-json\/wp\/v2\/posts\/9449\/revisions"}],"predecessor-version":[{"id":9549,"href":"https:\/\/www.sibuscascoche.com\/noticias\/wp-json\/wp\/v2\/posts\/9449\/revisions\/9549"}],"wp:featuredmedia":[{"embeddable":true,"href":"https:\/\/www.sibuscascoche.com\/noticias\/wp-json\/wp\/v2\/media\/9454"}],"wp:attachment":[{"href":"https:\/\/www.sibuscascoche.com\/noticias\/wp-json\/wp\/v2\/media?parent=9449"}],"wp:term":[{"taxonomy":"category","embeddable":true,"href":"https:\/\/www.sibuscascoche.com\/noticias\/wp-json\/wp\/v2\/categories?post=9449"},{"taxonomy":"post_tag","embeddable":true,"href":"https:\/\/www.sibuscascoche.com\/noticias\/wp-json\/wp\/v2\/tags?post=9449"}],"curies":[{"name":"wp","href":"https:\/\/api.w.org\/{rel}","templated":true}]}}