{"id":941,"date":"2013-12-08T10:01:25","date_gmt":"2013-12-08T09:01:25","guid":{"rendered":"https:\/\/www.sibuscascoche.com\/noticias\/?p=941"},"modified":"2013-12-10T10:06:33","modified_gmt":"2013-12-10T09:06:33","slug":"bmw-serie-4-cabrio","status":"publish","type":"post","link":"https:\/\/www.sibuscascoche.com\/noticias\/2013\/bmw-serie-4-cabrio\/","title":{"rendered":"BMW Serie 4 Cabrio, un lujo para los sentidos"},"content":{"rendered":"<p style=\"text-align: justify;\"><span style=\"font-size: 13px; line-height: 19px;\">El nuevo veh\u00edculo de BMW que fue presentado en el mes de octubre de 2013 nos sorprende con una nueva <\/span><b style=\"font-size: 13px; line-height: 19px;\">versi\u00f3n descapotable<\/b><span style=\"font-size: 13px; line-height: 19px;\">, tomando el relevo del\u00a0 Serie 3 Cabrio. Se trata de un lujo para todos los sentidos, elegante, con clase, equipado con las \u00faltimas tecnolog\u00edas y con mayor comodidad para todos los ocupantes.<\/span><\/p>\n<h5 style=\"text-align: justify;\"><b>Motor y potencia<\/b><\/h5>\n<p style=\"text-align: justify;\">El nuevo veh\u00edculo de BMW contar\u00e1 con tres tipos de motores distintos. El BMW 435i Cabrio con dos de gasolina y un diesel, el BMW 428i Cabrio con gasolina de seis cilindros en l\u00ednea y el BMW 420d cabrio en versi\u00f3n diesel. Con un rango de potencia desde los 184 CV a los 305 CV. Sin duda, unas cifras impresionantes.<\/p>\n<h5 style=\"text-align: justify;\"><b>Carrocer\u00eda y est\u00e9tica<\/b><\/h5>\n<p style=\"text-align: justify;\"><img loading=\"lazy\" decoding=\"async\" class=\"alignright size-full wp-image-947\" alt=\"BMW Serie 4, vehiculo ocasi\u00f3n\" src=\"https:\/\/www.sibuscascoche.com\/noticias\/wp-content\/uploads\/2013\/12\/bmwserie4_cabrio.jpg\" width=\"300\" height=\"225\" \/>El<b> BMW Serie 4 Cabrio <\/b>es algo m\u00e1s bajo que su predecesor, unos 10 mm, pero ha aumentado en la batalla unos 50 mm y en las v\u00edas delantera y trasera unos 45 mm y 81 mm respectivamente. El resumen es que el nuevo veh\u00edculo cuenta con una longitud de 4,63 m, con una distancia entre ejes de 2,81 m, un ancho de 1,82 m y una altura de 1,38 m. Todo ello da lugar a una est\u00e9tica muy atl\u00e9tica pero sin perder ni un \u00e1pice de elegancia. Se trata al fin y al cabo de un descapotable de aspecto deportivo.<\/p>\n<p style=\"text-align: justify;\">En cuanto al techo, la estructura se ha visto mejorada con respecto a su predecesor para conseguir un <b>aislamiento ac\u00fastico<\/b> m\u00e1s \u00f3ptimo. De hecho los guarnecidos son capaces de reducir el ruido del viento en 2 dB. Con la ventaja de que adem\u00e1s el techo puede ser abierto en 20 segundos. Adem\u00e1s, se ha dotado al veh\u00edculo con un <b>sistema electrohidr\u00e1ulico<\/b> que se encarga de elevar el techo cuando esta plegado. De esta manera pueden aprovecharse los 220 litros que quedan libres en el maletero. Si el techo se cierra, el espacio se hace m\u00e1s amplio, unos 370 litros.<\/p>\n<h5 style=\"text-align: justify;\"><b>Equipamiento<\/b><\/h5>\n<p style=\"text-align: justify;\">El interior del coche resulta completamente envolvente para todo el habit\u00e1culo debido a las l\u00edneas que predominan en la est\u00e9tica del salpicadero.<\/p>\n<p style=\"text-align: justify;\">Los asientos pueden estar equipados de forma opcional con unas <b>salidas de aire<\/b> por las que se expulsa aire caliente. Esto quiere decir que cuando el coche est\u00e1 abierto, el sistema de temperatura se regula en funci\u00f3n de la de fuera y de la propia velocidad del coche. De esta forma se logra crear un interior m\u00e1s c\u00e1lido cuando se conduce sin techo y a bajas temperaturas.<\/p>\n<p style=\"text-align: justify;\">Aunque existen <b>tres niveles de equipamiento<\/b>: Sport Line, Modern Line y Luxury Line; \u00e9ste es similar al de la Serie 3 y a Serie 4 Coup\u00e9. Lo m\u00e1s destacable es \u201cDriving Assistant Plus\u201d que avisa al conductor en caso de riesgo de atropellar a un peat\u00f3n.<\/p>\n<p style=\"text-align: justify;\">Aunque a\u00fan no puede adquirirse, se prev\u00e9 que los precios para Espa\u00f1a se encuentren entre los 49.900 y los 51.500 euros. Aunque existen algunas variaciones en funci\u00f3n del tipo de combustible y de la potencia. En cualquier caso, habr\u00e1 que esperar a\u00fan un tiempo hasta que podamos verlo circular por las carreteras espa\u00f1olas.<\/p>\n","protected":false},"excerpt":{"rendered":"<p>El nuevo veh\u00edculo de BMW que fue presentado en el mes de octubre de 2013 nos sorprende con una nueva versi\u00f3n descapotable, tomando el relevo del\u00a0 Serie 3 Cabrio. Se<\/p>\n","protected":false},"author":1,"featured_media":946,"comment_status":"closed","ping_status":"open","sticky":false,"template":"","format":"standard","meta":{"footnotes":""},"categories":[8],"tags":[111,147],"class_list":["post-941","post","type-post","status-publish","format-standard","has-post-thumbnail","hentry","category-lanzamientos","tag-bmw","tag-cabrio"],"_links":{"self":[{"href":"https:\/\/www.sibuscascoche.com\/noticias\/wp-json\/wp\/v2\/posts\/941","targetHints":{"allow":["GET"]}}],"collection":[{"href":"https:\/\/www.sibuscascoche.com\/noticias\/wp-json\/wp\/v2\/posts"}],"about":[{"href":"https:\/\/www.sibuscascoche.com\/noticias\/wp-json\/wp\/v2\/types\/post"}],"author":[{"embeddable":true,"href":"https:\/\/www.sibuscascoche.com\/noticias\/wp-json\/wp\/v2\/users\/1"}],"replies":[{"embeddable":true,"href":"https:\/\/www.sibuscascoche.com\/noticias\/wp-json\/wp\/v2\/comments?post=941"}],"version-history":[{"count":10,"href":"https:\/\/www.sibuscascoche.com\/noticias\/wp-json\/wp\/v2\/posts\/941\/revisions"}],"predecessor-version":[{"id":953,"href":"https:\/\/www.sibuscascoche.com\/noticias\/wp-json\/wp\/v2\/posts\/941\/revisions\/953"}],"wp:featuredmedia":[{"embeddable":true,"href":"https:\/\/www.sibuscascoche.com\/noticias\/wp-json\/wp\/v2\/media\/946"}],"wp:attachment":[{"href":"https:\/\/www.sibuscascoche.com\/noticias\/wp-json\/wp\/v2\/media?parent=941"}],"wp:term":[{"taxonomy":"category","embeddable":true,"href":"https:\/\/www.sibuscascoche.com\/noticias\/wp-json\/wp\/v2\/categories?post=941"},{"taxonomy":"post_tag","embeddable":true,"href":"https:\/\/www.sibuscascoche.com\/noticias\/wp-json\/wp\/v2\/tags?post=941"}],"curies":[{"name":"wp","href":"https:\/\/api.w.org\/{rel}","templated":true}]}}