{"id":9366,"date":"2016-11-11T16:10:03","date_gmt":"2016-11-11T15:10:03","guid":{"rendered":"https:\/\/www.sibuscascoche.com\/noticias\/?p=9366"},"modified":"2016-11-14T16:30:09","modified_gmt":"2016-11-14T15:30:09","slug":"volkswagen-celebra-los-40-anos-del-golf-gti","status":"publish","type":"post","link":"https:\/\/www.sibuscascoche.com\/noticias\/2016\/volkswagen-celebra-los-40-anos-del-golf-gti\/","title":{"rendered":"\u00a1Volkswagen celebra los 40 a\u00f1os del Golf GTI!"},"content":{"rendered":"<div dir=\"ltr\" id=\"docs-internal-guid-f0bce259-53a2-6406-b55a-c25233682d3c\">\n<p dir=\"ltr\" id=\"docs-internal-guid-3902fb3a-6266-bff8-b6d7-348c0388d645\">El Golf GTI es sin duda uno de los coches Volkswagen m\u00e1s importantes de la historia, tanto es as\u00ed que \u00e9l solito ha vendido m\u00e1s de 30 millones de unidades. Con la exclusiva cifra de 290 unidades se\u00a0lanz\u00f3 la <strong>edici\u00f3n especial de este modelo, Volkswagen Golf GTI Clubsport<\/strong>, para conmemorar su nacimiento en 1976. El n\u00famero de unidades que se pusieron a la venta hacen referencia a los 290 CV de potencia que posee.<\/p>\n<p dir=\"ltr\">Fruto de la mente de dos empleados de VW: Anton Konrad, anterior relaciones p\u00fablicas y Alfons L\u00f6wenberg, un ingeniero amante de las carreras, nace el primer Golf GTI el 29 de Marzo de 1929. El objetivo era acercar al gran p\u00fablico las sensaci\u00f3n que evoca conducir un veh\u00edculo deportivo, que hasta entonces estaba reservada solo para algunos privilegiados. Un coche que seduc\u00eda sin tener que dar demasiadas explicaciones: motor \u00e1gil, chasis espec\u00edfico, direcci\u00f3n directa, dise\u00f1o evocador, peso ligero, llamativas franjas rojas en la parrilla del radiador, asientos deportivos tapizados en tart\u00e1n y el toque final: una pelota de golf en el pomo de la palanca de cambios.<\/p>\n<p dir=\"ltr\">El Golf GTI cumple justo ahora 40 a\u00f1os desde su nacimiento, y en Volkswagen saben c\u00f3mo celebrarlo. Adem\u00e1s de la edici\u00f3n limitada que han puesto en exclusiva este a\u00f1o a la venta, han citado a todos los propietarios y apasionados de este coche al <strong>GTI Day el d\u00eda 5 de noviembre en el Circuito del Jarama<\/strong>. Al evento acudieron miles de aficionados a pesar de las\u00a0adversas condiciones meteorol\u00f3gicas para\u00a0disfrutar de numerosas actividades, como el hecho de poder conducir al volante del Golf GTI Clubsport, Golf GTI, Golf GTE o Golf GTI Performance por el trazado del Jarama. \u00a1Todo un lujo!<\/p>\n<p dir=\"ltr\">La m\u00fasica tambi\u00e9n fue un elemento importante, han pasado 40 a\u00f1os desde la creaci\u00f3n del primer GTI y as\u00ed como este ha evolucionado considerablemente, la m\u00fasica ha sufrido la misma evoluci\u00f3n. Los espectadores pudieron viajar en el tiempo escuchando las mejores canciones desde 1976, a\u00f1o de lanzamiento del primer GTI, hasta las m\u00e1s actuales. El GTI Day ha sido un \u00e9xito, y as\u00ed lo demostr\u00f3 la marea de fans que acudieron al circuito del Jarama. M\u00e1s que un coche, el Golf GTI es ya toda\u00a0una leyenda, con siete generaciones a su espalda es un coche al que todav\u00eda le quedan muchos kil\u00f3metros por recorrer.<\/p>\n<div dir=\"ltr\"><\/div>\n<div dir=\"ltr\"><\/div>\n<div dir=\"ltr\"><\/div>\n<div dir=\"ltr\"><\/div>\n<div dir=\"ltr\"><\/div>\n<div dir=\"ltr\"><\/div>\n<div dir=\"ltr\"><\/div>\n<\/div>\n<div dir=\"ltr\"><\/div>\n<div dir=\"ltr\"><\/div>\n","protected":false},"excerpt":{"rendered":"<p>El Golf GTI es sin duda uno de los coches Volkswagen m\u00e1s importantes de la historia, tanto es as\u00ed que \u00e9l solito ha vendido m\u00e1s de 30 millones de unidades.<\/p>\n","protected":false},"author":6,"featured_media":9409,"comment_status":"closed","ping_status":"open","sticky":false,"template":"","format":"standard","meta":{"footnotes":""},"categories":[1,9],"tags":[498,1053,22],"class_list":["post-9366","post","type-post","status-publish","format-standard","has-post-thumbnail","hentry","category-actualidad","category-eventos","tag-coche","tag-golf-gti","tag-volkswagen"],"_links":{"self":[{"href":"https:\/\/www.sibuscascoche.com\/noticias\/wp-json\/wp\/v2\/posts\/9366","targetHints":{"allow":["GET"]}}],"collection":[{"href":"https:\/\/www.sibuscascoche.com\/noticias\/wp-json\/wp\/v2\/posts"}],"about":[{"href":"https:\/\/www.sibuscascoche.com\/noticias\/wp-json\/wp\/v2\/types\/post"}],"author":[{"embeddable":true,"href":"https:\/\/www.sibuscascoche.com\/noticias\/wp-json\/wp\/v2\/users\/6"}],"replies":[{"embeddable":true,"href":"https:\/\/www.sibuscascoche.com\/noticias\/wp-json\/wp\/v2\/comments?post=9366"}],"version-history":[{"count":12,"href":"https:\/\/www.sibuscascoche.com\/noticias\/wp-json\/wp\/v2\/posts\/9366\/revisions"}],"predecessor-version":[{"id":9432,"href":"https:\/\/www.sibuscascoche.com\/noticias\/wp-json\/wp\/v2\/posts\/9366\/revisions\/9432"}],"wp:featuredmedia":[{"embeddable":true,"href":"https:\/\/www.sibuscascoche.com\/noticias\/wp-json\/wp\/v2\/media\/9409"}],"wp:attachment":[{"href":"https:\/\/www.sibuscascoche.com\/noticias\/wp-json\/wp\/v2\/media?parent=9366"}],"wp:term":[{"taxonomy":"category","embeddable":true,"href":"https:\/\/www.sibuscascoche.com\/noticias\/wp-json\/wp\/v2\/categories?post=9366"},{"taxonomy":"post_tag","embeddable":true,"href":"https:\/\/www.sibuscascoche.com\/noticias\/wp-json\/wp\/v2\/tags?post=9366"}],"curies":[{"name":"wp","href":"https:\/\/api.w.org\/{rel}","templated":true}]}}