{"id":9032,"date":"2016-10-14T10:45:17","date_gmt":"2016-10-14T08:45:17","guid":{"rendered":"https:\/\/www.sibuscascoche.com\/noticias\/?p=9032"},"modified":"2016-10-14T13:45:23","modified_gmt":"2016-10-14T11:45:23","slug":"mas-comentado-salon-automovil-paris-comprar-coche","status":"publish","type":"post","link":"https:\/\/www.sibuscascoche.com\/noticias\/2016\/mas-comentado-salon-automovil-paris-comprar-coche\/","title":{"rendered":"Lo m\u00e1s comentado del Sal\u00f3n del Autom\u00f3vil de Par\u00eds"},"content":{"rendered":"<p>Desde comienzos de este mes de <b>octubre<\/b> las marcas de coches m\u00e1s importantes se est\u00e1n dando cita en el <b>Sal\u00f3n del Autom\u00f3vil de Par\u00eds<\/b>, una cita que se realiza <b>cada dos a\u00f1os<\/b> y que no deja a nadie indiferente.<\/p>\n<p><img loading=\"lazy\" decoding=\"async\" class=\"alignright size-full wp-image-9035\" alt=\"comprar coche, coches de segunda mano baratos\" src=\"https:\/\/www.sibuscascoche.com\/noticias\/wp-content\/uploads\/2016\/10\/comprar-coche-salon-paris.jpg\" width=\"300\" height=\"200\" \/>En la edici\u00f3n del 2016 en Par\u00eds <b>est\u00e1n destacando<\/b> por encima de todo <b>los <a title=\"Comprar coche | Sibuscascoche.com\" href=\"https:\/\/www.sibuscascoche.com\/carroceria\/todoterreno\">SUV<\/a><\/b>. Todos conocemos el \u00e9xito que tiene este tipo de coche en los \u00faltimos tiempos, por eso, marcas como <b>Skoda<\/b> han presentado en la cita francesa su primer todocaminos, <b>el <span style=\"color: #0000ff;\"><a title=\"El nuevo \u0160koda Kodiaq, emocional declaraci\u00f3n de intenciones\" href=\"https:\/\/www.sibuscascoche.com\/noticias\/2016\/nuevo-skoda-kodiaq-emocional-declaracion-intenciones\/\"><span style=\"color: #0000ff;\">Kodiaq<\/span><\/a><\/span><\/b>. Pero no todo iban a ser SUV, en el Sal\u00f3n del Autom\u00f3vil de Par\u00eds tambi\u00e9n <b>ganan peso los coches el\u00e9ctricos<\/b> con los que las marcas tratan de mostrarnos <b>como ser\u00e1n los veh\u00edculos del futuro<\/b>.<\/p>\n<p>\u00bfQuieres que te contemos cuales son los coches que <b>m\u00e1s est\u00e1n destacando<\/b> en la capital francesa?<\/p>\n<p><b>Volkswagen ID Concept<\/b><\/p>\n<p>Los coches el\u00e9ctricos son el futuro, por eso Volkswagen nos ha querido ense\u00f1ar <b>c\u00f3mo conduciremos en el a\u00f1o 2020<\/b>. Adem\u00e1s, el coche alem\u00e1n estar\u00e1 adaptado para la llegada de la <b>conducci\u00f3n aut\u00f3noma<\/b>.<\/p>\n<p><b>Mercedes Generation EQ<\/b><\/p>\n<p>En esta ocasi\u00f3n la marca alemana ha unido el tir\u00f3n de <b>los SUV<\/b> con los <b>coches el\u00e9ctricos<\/b>, para presentar un prototipo que se espera que <b>salga al mercado en 2019<\/b> con una <b>autonom\u00eda de 500 km<\/b> y una impresionante aceleraci\u00f3n de 0 a 100 en <b>tan s\u00f3lo 5 segundos<\/b>.<\/p>\n<p><b>Citro\u00ebn CXperience Concept<\/b><\/p>\n<p>Desde Francia tambi\u00e9n llega el coche <b>m\u00e1s innovador de Citro\u00ebn<\/b>. La moderna berlina incluye unas incre\u00edbles <b>llantas de 22 pulgadas<\/b> y la <b>apertura total de las puertas traseras<\/b> para facilitar la entrada de los pasajeros.<\/p>\n<p><b>Nissan Micra<\/b><\/p>\n<p>Con la nueva versi\u00f3n del peque\u00f1o coche de la marca japonesa, desde <b>Nissan<\/b> han querido darle un <b>aspecto renovado<\/b>, con unas <b>l\u00edneas m\u00e1s deportivas<\/b>, un <b>mayor espacio<\/b> y la incorporaci\u00f3n de los m\u00e1s modernos <b>sistemas en asistencia a la conducci\u00f3n<\/b>.<\/p>\n<p>Estos son s\u00f3lo algunos de los coches que m\u00e1s est\u00e1n llamando la atenci\u00f3n del p\u00fablico en Par\u00eds, pero te podemos decir sin miedo que los <b>SUV y los coches el\u00e9ctricos <\/b>estar\u00e1n <b>muy presentes <\/b>en los <b>pr\u00f3ximos a\u00f1os<\/b>.<\/p>\n","protected":false},"excerpt":{"rendered":"<p>Desde comienzos de este mes de octubre las marcas de coches m\u00e1s importantes se est\u00e1n dando cita en el Sal\u00f3n del Autom\u00f3vil de Par\u00eds, una cita que se realiza cada<\/p>\n","protected":false},"author":6,"featured_media":9033,"comment_status":"closed","ping_status":"open","sticky":false,"template":"","format":"standard","meta":{"footnotes":""},"categories":[1],"tags":[1019,129],"class_list":["post-9032","post","type-post","status-publish","format-standard","has-post-thumbnail","hentry","category-actualidad","tag-salon-de-paris","tag-suv"],"_links":{"self":[{"href":"https:\/\/www.sibuscascoche.com\/noticias\/wp-json\/wp\/v2\/posts\/9032","targetHints":{"allow":["GET"]}}],"collection":[{"href":"https:\/\/www.sibuscascoche.com\/noticias\/wp-json\/wp\/v2\/posts"}],"about":[{"href":"https:\/\/www.sibuscascoche.com\/noticias\/wp-json\/wp\/v2\/types\/post"}],"author":[{"embeddable":true,"href":"https:\/\/www.sibuscascoche.com\/noticias\/wp-json\/wp\/v2\/users\/6"}],"replies":[{"embeddable":true,"href":"https:\/\/www.sibuscascoche.com\/noticias\/wp-json\/wp\/v2\/comments?post=9032"}],"version-history":[{"count":4,"href":"https:\/\/www.sibuscascoche.com\/noticias\/wp-json\/wp\/v2\/posts\/9032\/revisions"}],"predecessor-version":[{"id":9086,"href":"https:\/\/www.sibuscascoche.com\/noticias\/wp-json\/wp\/v2\/posts\/9032\/revisions\/9086"}],"wp:featuredmedia":[{"embeddable":true,"href":"https:\/\/www.sibuscascoche.com\/noticias\/wp-json\/wp\/v2\/media\/9033"}],"wp:attachment":[{"href":"https:\/\/www.sibuscascoche.com\/noticias\/wp-json\/wp\/v2\/media?parent=9032"}],"wp:term":[{"taxonomy":"category","embeddable":true,"href":"https:\/\/www.sibuscascoche.com\/noticias\/wp-json\/wp\/v2\/categories?post=9032"},{"taxonomy":"post_tag","embeddable":true,"href":"https:\/\/www.sibuscascoche.com\/noticias\/wp-json\/wp\/v2\/tags?post=9032"}],"curies":[{"name":"wp","href":"https:\/\/api.w.org\/{rel}","templated":true}]}}