{"id":9021,"date":"2016-10-14T10:43:28","date_gmt":"2016-10-14T08:43:28","guid":{"rendered":"https:\/\/www.sibuscascoche.com\/noticias\/?p=9021"},"modified":"2016-10-14T13:43:40","modified_gmt":"2016-10-14T11:43:40","slug":"coches-inundaran-nuestras-carreteras-tras-salon-paris","status":"publish","type":"post","link":"https:\/\/www.sibuscascoche.com\/noticias\/2016\/coches-inundaran-nuestras-carreteras-tras-salon-paris\/","title":{"rendered":"Coches que inundar\u00e1n nuestras carreteras tras el sal\u00f3n de Par\u00eds"},"content":{"rendered":"<p>El <b>Sal\u00f3n de Par\u00eds<\/b> nos ha tra\u00eddo numerosas novedades y, aunque, escoger ha resultado bastante dif\u00edcil, hoy os avanzamos las caracter\u00edsticas de algunos de los coches que suponemos que ser\u00e1n <b>un \u00e9xito de ventas<\/b>, os advertimos antes de empezar que en este sal\u00f3n <b>ha triunfado el mundo SUV<\/b>.<\/p>\n<p><b>Seat Ateca, ning\u00fan terreno se le resiste<\/b><\/p>\n<p><img loading=\"lazy\" decoding=\"async\" class=\"alignright size-full wp-image-9024\" alt=\"seat ateca, coches de segunda mano baratos\" src=\"https:\/\/www.sibuscascoche.com\/noticias\/wp-content\/uploads\/2016\/10\/seat-ateca-comprar-coche-de-segunda-mano-barato.jpg\" width=\"300\" height=\"199\" \/>Aunque es el primer SUV de la marca, Seat se ha esforzado en ofrecer cualidades por encima de las del segmento, nos muestra un coche <b>realmente preparado para distintos terrenos<\/b>. Incluye <b>llantas de 18 pulgadas<\/b>, dibujo especial en las ruedas para mayor agarre y una nueva <b>pintura verde oliva que resiste roces de ramas<\/b> y dem\u00e1s objetos sin rayarse. Incluye un motor 2.0 TDI de <b>190 CV<\/b>, <b>cambio autom\u00e1tico<\/b> de siete velocidades y <b>tracci\u00f3n a las cuatro ruedas<\/b>.<\/p>\n<p><b><a title=\"Comprar Audi Q5 ocasi\u00f3n | Sibuscascoche.com\" href=\"https:\/\/www.sibuscascoche.com\/coches-ocasion\/audi\/q5\">Audi Q5<\/a>, el m\u00e1s personalizable<\/b><\/p>\n<p>Este todocamino renueva sus acabados y colores, presenta muchas opciones de <b>personalizaci\u00f3n<\/b> e incluye <b>cinco variantes mec\u00e1nicas<\/b>. Adem\u00e1s, a\u00f1ade una nueva <b>suspensi\u00f3n neum\u00e1tica con control de amortiguaci\u00f3n<\/b>. En cuanto al interior, aumenta en espacio y en tecnolog\u00edas.<\/p>\n<p><b>Peugeot 5008, de monovolumen a SUV<\/b><\/p>\n<p>Es un SUV de <b>cinco o siete plazas<\/b> que sustituye al anterior monovolumen. Incluye motores de <b>100 o 180 CV<\/b> y muchas novedades en tecnolog\u00eda: el Peugeot i-Cockpit, diversas ayudas a la conducci\u00f3n y sistemas de seguridad.<\/p>\n<p><b>Fiat Panda, mejoras en el 4&#215;4<\/b><\/p>\n<p>Este modelo se presentaba en 2014 y, aunque est\u00e9ticamente se mantiene, renueva el interior con molduras cromadas. Es un 4&#215;4, tiene tracci\u00f3n a las cuatro ruedas y aspecto SUV. Estar\u00e1 disponible con un motor de <b>75 CV <\/b>y otro de <b>85 CV<\/b> y ambos incluyen de serie <b>Start&amp;Stop<\/b> y <b>control de estabilidad<\/b>. Aumenta su conectividad respecto al modelo anterior y a\u00f1ade control por voz. Es de los SUV m\u00e1s econ\u00f3micos.<\/p>\n<p><b>Toyota C-HR, el SUV m\u00e1s deportivo<\/b><\/p>\n<p>Est\u00e9ticamente es de los m\u00e1s llamativos, es un SUV compacto de estilo <b>deportivo<\/b>, cuenta con cinco puertas y mucho espacio interior. Es <b>h\u00edbrido<\/b> y emite menos de 90 gramos de CO2 por quil\u00f3metro. Cuenta con una potencia de <b>122 CV.<\/b><\/p>\n","protected":false},"excerpt":{"rendered":"<p>El Sal\u00f3n de Par\u00eds nos ha tra\u00eddo numerosas novedades y, aunque, escoger ha resultado bastante dif\u00edcil, hoy os avanzamos las caracter\u00edsticas de algunos de los coches que suponemos que ser\u00e1n<\/p>\n","protected":false},"author":6,"featured_media":9023,"comment_status":"closed","ping_status":"open","sticky":false,"template":"","format":"standard","meta":{"footnotes":""},"categories":[1],"tags":[18,126,1019],"class_list":["post-9021","post","type-post","status-publish","format-standard","has-post-thumbnail","hentry","category-actualidad","tag-audi","tag-fiat","tag-salon-de-paris"],"_links":{"self":[{"href":"https:\/\/www.sibuscascoche.com\/noticias\/wp-json\/wp\/v2\/posts\/9021","targetHints":{"allow":["GET"]}}],"collection":[{"href":"https:\/\/www.sibuscascoche.com\/noticias\/wp-json\/wp\/v2\/posts"}],"about":[{"href":"https:\/\/www.sibuscascoche.com\/noticias\/wp-json\/wp\/v2\/types\/post"}],"author":[{"embeddable":true,"href":"https:\/\/www.sibuscascoche.com\/noticias\/wp-json\/wp\/v2\/users\/6"}],"replies":[{"embeddable":true,"href":"https:\/\/www.sibuscascoche.com\/noticias\/wp-json\/wp\/v2\/comments?post=9021"}],"version-history":[{"count":3,"href":"https:\/\/www.sibuscascoche.com\/noticias\/wp-json\/wp\/v2\/posts\/9021\/revisions"}],"predecessor-version":[{"id":9026,"href":"https:\/\/www.sibuscascoche.com\/noticias\/wp-json\/wp\/v2\/posts\/9021\/revisions\/9026"}],"wp:featuredmedia":[{"embeddable":true,"href":"https:\/\/www.sibuscascoche.com\/noticias\/wp-json\/wp\/v2\/media\/9023"}],"wp:attachment":[{"href":"https:\/\/www.sibuscascoche.com\/noticias\/wp-json\/wp\/v2\/media?parent=9021"}],"wp:term":[{"taxonomy":"category","embeddable":true,"href":"https:\/\/www.sibuscascoche.com\/noticias\/wp-json\/wp\/v2\/categories?post=9021"},{"taxonomy":"post_tag","embeddable":true,"href":"https:\/\/www.sibuscascoche.com\/noticias\/wp-json\/wp\/v2\/tags?post=9021"}],"curies":[{"name":"wp","href":"https:\/\/api.w.org\/{rel}","templated":true}]}}