{"id":8836,"date":"2016-09-08T09:28:47","date_gmt":"2016-09-08T07:28:47","guid":{"rendered":"https:\/\/www.sibuscascoche.com\/noticias\/?p=8836"},"modified":"2016-09-14T13:29:26","modified_gmt":"2016-09-14T11:29:26","slug":"nuevo-audi-q2-se-presenta-en-vigo-ante-1-200-personas-noche-inetiquetable","status":"publish","type":"post","link":"https:\/\/www.sibuscascoche.com\/noticias\/2016\/nuevo-audi-q2-se-presenta-en-vigo-ante-1-200-personas-noche-inetiquetable\/","title":{"rendered":"El nuevo Audi Q2 se presenta en Vigo ante 1.200 personas en una noche inetiquetable"},"content":{"rendered":"<p><img loading=\"lazy\" decoding=\"async\" class=\"alignright  wp-image-8845\" alt=\"evento-nocheq2_a\" src=\"https:\/\/www.sibuscascoche.com\/noticias\/wp-content\/uploads\/2016\/09\/Evento-NocheQ2_a.jpg\" width=\"270\" height=\"180\" \/><\/p>\n<p>El nuevo Audi Q2 se mostr\u00f3 ayer ante m\u00e1s de 1.200 personas en #lanocheQ2, una white party amenizada por el Dj, cantante y productor Carlos Jean en Marina C\u00edes Beach Club de Samil, en Vigo.<\/p>\n<p>Las puertas de este local se abrieron a las 20.30 horas para recibir a todos los invitados, sorprendidos a la entrada por azafatas y zancudos caracterizados con elementos Pop Art. Ya en el interior del recinto, les deparaban numerosas sorpresas que se ir\u00edan desvelando a lo largo de la noche.<\/p>\n<p><img loading=\"lazy\" decoding=\"async\" class=\" wp-image-8847 alignleft\" alt=\"evento-nocheq2_c\" src=\"https:\/\/www.sibuscascoche.com\/noticias\/wp-content\/uploads\/2016\/09\/Evento-NocheQ2_c.jpg\" width=\"270\" height=\"180\" \/><\/p>\n<p>El acto, promovido por los concesionarios oficiales Audi de P\u00e9rez Rumbao,<span style=\"color: #333399;\"> <a href=\"http:\/\/www.percar.es\/\" target=\"_blank\" rel=\"noopener\"><span style=\"color: #333399;\"><strong>P\u00e9rez Rumbao Car<\/strong><\/span><\/a><\/span>, <span style=\"color: #333399;\"><strong><a href=\"http:\/\/www.vepersa.com\/\" target=\"_blank\" rel=\"noopener\"><span style=\"color: #333399;\">Vepersa <\/span><\/a><\/strong><\/span>y <span style=\"color: #333399;\"><strong><a href=\"http:\/\/www.apersa.es\/\" target=\"_blank\" rel=\"noopener\"><span style=\"color: #333399;\">Apersa<\/span><\/a><\/strong><\/span>, fue conducido por Miguel Mart\u00edn, redactor jefe de Localia Vigo. Dada la relevancia del evento, este cont\u00f3 con la presencia de distintas personalidades y profesionales del motor, como Caita Montserrat, directora de marketing de Audi Espa\u00f1a y Carlos Calatayud, director de desarrollo de red de Audi, as\u00ed como representantes de P\u00e9rez Rumbao, como Jos\u00e9 Ram\u00f3n P\u00e9rez Nieto; presidente de P\u00e9rez Rumbao, D. Emilio P\u00e9rez Nieto, presidente de honor de la firma, o Joaqu\u00edn P\u00e9rez Bellido y Emilio P\u00e9rez Bellido, consejeros de la misma.<\/p>\n<p>El gran esperado de la noche, el nuevo SUV de Audi, se destap\u00f3 a las 22 horas, despu\u00e9s de una espectacular performance con bailarines y contorsionistas que brillaban con luz propia gracias a un traje de espejos que cubr\u00eda todo su cuerpo. El veh\u00edculo se descubri\u00f3 por partida doble, ya que en la terraza de Marina C\u00edes se encontraban un Q2 y su r\u00e9plica a tama\u00f1o real.<\/p>\n<p><img loading=\"lazy\" decoding=\"async\" class=\" wp-image-8848 alignright\" alt=\"evento-nocheq2_d\" src=\"https:\/\/www.sibuscascoche.com\/noticias\/wp-content\/uploads\/2016\/09\/Evento-NocheQ2_d.jpg\" width=\"270\" height=\"180\" \/><\/p>\n<p><span style=\"line-height: 1.5em;\">En sus intervenciones destacaron las prestaciones del Audi Q2: SUV, allroad, quattro, coup\u00e9, sportscar. En definitiva, un coche imposible de definir que \u201cno solo inaugura un concepto de veh\u00edculo sino tambi\u00e9n de conducci\u00f3n\u201d, seg\u00fan Bellido. Jos\u00e9 Antonio Alonso, por su parte, subray\u00f3 \u201cla magn\u00edfica acogida del veh\u00edculo entre los clientes y el p\u00fablico en general\u201d, mientras que Isabel Abelleira afirm\u00f3 que #lanocheQ2 era \u201cla mejor forma de celebrar el primer aniversario de P\u00e9rez Rumbao Car en Vigo\u201d.<\/span>Los gerentes responsables de los concesionarios oficiales Audi de P\u00e9rez Rumbao, Isabel Abelleira, de P\u00e9rez Rumbao Car (Vigo), \u00cd\u00f1igo Bellido, de Vepersa, y Jos\u00e9 Antonio Alonso, de Apersa (Ourense), hicieron los honores antes de descubrir el coche ante el p\u00fablico.<\/p>\n<p>Carlos Jean, embajador de la marca de los cuatro aros, puso el broche de oro a una velada inetiquetable con una sesi\u00f3n de m\u00fasica electr\u00f3nica que se pudo seguir en directo a trav\u00e9s de las redes sociales de P\u00e9rez Rumbao Car, Vepersa y Apersa.<\/p>\n","protected":false},"excerpt":{"rendered":"<p>El nuevo Audi Q2 se mostr\u00f3 ayer ante m\u00e1s de 1.200 personas en #lanocheQ2, una white party amenizada por el Dj, cantante y productor Carlos Jean en Marina C\u00edes Beach<\/p>\n","protected":false},"author":1,"featured_media":8846,"comment_status":"closed","ping_status":"open","sticky":false,"template":"","format":"standard","meta":{"footnotes":""},"categories":[1,8],"tags":[],"class_list":["post-8836","post","type-post","status-publish","format-standard","has-post-thumbnail","hentry","category-actualidad","category-lanzamientos"],"_links":{"self":[{"href":"https:\/\/www.sibuscascoche.com\/noticias\/wp-json\/wp\/v2\/posts\/8836","targetHints":{"allow":["GET"]}}],"collection":[{"href":"https:\/\/www.sibuscascoche.com\/noticias\/wp-json\/wp\/v2\/posts"}],"about":[{"href":"https:\/\/www.sibuscascoche.com\/noticias\/wp-json\/wp\/v2\/types\/post"}],"author":[{"embeddable":true,"href":"https:\/\/www.sibuscascoche.com\/noticias\/wp-json\/wp\/v2\/users\/1"}],"replies":[{"embeddable":true,"href":"https:\/\/www.sibuscascoche.com\/noticias\/wp-json\/wp\/v2\/comments?post=8836"}],"version-history":[{"count":12,"href":"https:\/\/www.sibuscascoche.com\/noticias\/wp-json\/wp\/v2\/posts\/8836\/revisions"}],"predecessor-version":[{"id":8860,"href":"https:\/\/www.sibuscascoche.com\/noticias\/wp-json\/wp\/v2\/posts\/8836\/revisions\/8860"}],"wp:featuredmedia":[{"embeddable":true,"href":"https:\/\/www.sibuscascoche.com\/noticias\/wp-json\/wp\/v2\/media\/8846"}],"wp:attachment":[{"href":"https:\/\/www.sibuscascoche.com\/noticias\/wp-json\/wp\/v2\/media?parent=8836"}],"wp:term":[{"taxonomy":"category","embeddable":true,"href":"https:\/\/www.sibuscascoche.com\/noticias\/wp-json\/wp\/v2\/categories?post=8836"},{"taxonomy":"post_tag","embeddable":true,"href":"https:\/\/www.sibuscascoche.com\/noticias\/wp-json\/wp\/v2\/tags?post=8836"}],"curies":[{"name":"wp","href":"https:\/\/api.w.org\/{rel}","templated":true}]}}