{"id":8827,"date":"2016-10-21T08:06:20","date_gmt":"2016-10-21T06:06:20","guid":{"rendered":"https:\/\/www.sibuscascoche.com\/noticias\/?p=8827"},"modified":"2016-10-21T11:06:26","modified_gmt":"2016-10-21T09:06:26","slug":"dgt-incrementa-senales-controles","status":"publish","type":"post","link":"https:\/\/www.sibuscascoche.com\/noticias\/2016\/dgt-incrementa-senales-controles\/","title":{"rendered":"La DGT incrementa se\u00f1ales y controles"},"content":{"rendered":"<p>Las <strong>cifras de accidentes<\/strong> en las carreteras de nuestro pa\u00eds son <strong>realmente preocupantes<\/strong>, en los \u00faltimos meses de este a\u00f1o hemos llegado a los 273 fallecidos, superando en 23 la cifra del mismo per\u00edodo del a\u00f1o pasado. Ante estos datos, el Gobierno ha anunciado siete medidas que buscan reducir la siniestralidad. Las tres \u00e1reas de trabajo son: las <strong>carreteras convencionales, los motoristas y las furgonetas<\/strong>, debido a que es donde se han detectado m\u00e1s puntos d\u00e9biles. Pero&#8230; \u00bfen qu\u00e9 consisten estas medidas?<\/p>\n<p><img loading=\"lazy\" decoding=\"async\" class=\"alignright size-full wp-image-8833\" alt=\"control tr\u00e1fico, coche ocasi\u00f3n\" src=\"https:\/\/www.sibuscascoche.com\/noticias\/wp-content\/uploads\/2016\/09\/controles-dgt.jpg\" width=\"300\" height=\"200\" \/>En los pr\u00f3ximos cinco meses veremos en nuestras carreteras <strong>m\u00e1s prohibiciones de adelantamiento<\/strong>, reforzadas con balizas y doble l\u00ednea continua, con esta medida se espera reducir las cifras en 20 fallecidos menos al a\u00f1o. En el mismo periodo <strong>aumentar\u00e1n las bandas rugosas<\/strong> que buscan disminuir las salidas de carril o de la v\u00eda. Tambi\u00e9n se <strong>incrementar\u00e1n las se\u00f1ales de peligro de peatones<\/strong>, as\u00ed, se espera una reducci\u00f3n de 10 muertes anuales.\u00a0Los <strong>cruces peligrosos<\/strong> son otro de los handicaps de nuestras carreteras, por eso, la DGT ha decidido instalar <strong>se\u00f1ales luminosas<\/strong> que prevengan al conductor de la situaci\u00f3n que se va a encontrar en la carretera y se proceder\u00e1 a la reordenaci\u00f3n del tr\u00e1fico en la medida de lo posible.<\/p>\n<p>Veremos incrementados los <strong>controles<\/strong>, en primer lugar, los de<strong> velocidad nocturnos<\/strong>, ya que los excesos en este horario son los que han producido m\u00e1s v\u00edctimas, esta vigilancia se centrar\u00e1 especialmente en las <strong>furgonetas de reparto<\/strong>, debido al incremento de los accidentes laborales en carretera. En segundo lugar, la<strong> distancia de seguridad<\/strong> entre veh\u00edculos ser\u00e1 vigilada, a partir de ahora, desde los <strong>helic\u00f3pteros de tr\u00e1fico<\/strong>. Finalmente, como \u00faltima de estas siete medidas, el Gobierno ha querido destacar la necesidad de <strong>vigilar las v\u00edas con alta siniestralidad de motoristas<\/strong>, mediante controles integrales a este tipo de veh\u00edculos.<\/p>\n<p>Estas nuevas medidas buscan que todos estemos m\u00e1s seguros en carretera y que los conductores estemos m\u00e1s atentos, suponen un desembolso importante, de cerca de 7,2 millones de euros, que esperamos que sirva para que todos estemos un poco m\u00e1s protegidos. \u00a1Atentos al volante!<\/p>\n","protected":false},"excerpt":{"rendered":"<p>Las cifras de accidentes en las carreteras de nuestro pa\u00eds son realmente preocupantes, en los \u00faltimos meses de este a\u00f1o hemos llegado a los 273 fallecidos, superando en 23 la<\/p>\n","protected":false},"author":6,"featured_media":8832,"comment_status":"closed","ping_status":"open","sticky":false,"template":"","format":"standard","meta":{"footnotes":""},"categories":[1],"tags":[132,87],"class_list":["post-8827","post","type-post","status-publish","format-standard","has-post-thumbnail","hentry","category-actualidad","tag-dgt","tag-seguridad"],"_links":{"self":[{"href":"https:\/\/www.sibuscascoche.com\/noticias\/wp-json\/wp\/v2\/posts\/8827","targetHints":{"allow":["GET"]}}],"collection":[{"href":"https:\/\/www.sibuscascoche.com\/noticias\/wp-json\/wp\/v2\/posts"}],"about":[{"href":"https:\/\/www.sibuscascoche.com\/noticias\/wp-json\/wp\/v2\/types\/post"}],"author":[{"embeddable":true,"href":"https:\/\/www.sibuscascoche.com\/noticias\/wp-json\/wp\/v2\/users\/6"}],"replies":[{"embeddable":true,"href":"https:\/\/www.sibuscascoche.com\/noticias\/wp-json\/wp\/v2\/comments?post=8827"}],"version-history":[{"count":5,"href":"https:\/\/www.sibuscascoche.com\/noticias\/wp-json\/wp\/v2\/posts\/8827\/revisions"}],"predecessor-version":[{"id":8834,"href":"https:\/\/www.sibuscascoche.com\/noticias\/wp-json\/wp\/v2\/posts\/8827\/revisions\/8834"}],"wp:featuredmedia":[{"embeddable":true,"href":"https:\/\/www.sibuscascoche.com\/noticias\/wp-json\/wp\/v2\/media\/8832"}],"wp:attachment":[{"href":"https:\/\/www.sibuscascoche.com\/noticias\/wp-json\/wp\/v2\/media?parent=8827"}],"wp:term":[{"taxonomy":"category","embeddable":true,"href":"https:\/\/www.sibuscascoche.com\/noticias\/wp-json\/wp\/v2\/categories?post=8827"},{"taxonomy":"post_tag","embeddable":true,"href":"https:\/\/www.sibuscascoche.com\/noticias\/wp-json\/wp\/v2\/tags?post=8827"}],"curies":[{"name":"wp","href":"https:\/\/api.w.org\/{rel}","templated":true}]}}