{"id":8736,"date":"2016-10-21T08:04:27","date_gmt":"2016-10-21T06:04:27","guid":{"rendered":"https:\/\/www.sibuscascoche.com\/noticias\/?p=8736"},"modified":"2016-10-21T11:04:40","modified_gmt":"2016-10-21T09:04:40","slug":"bmw-x1-sav-deportivo","status":"publish","type":"post","link":"https:\/\/www.sibuscascoche.com\/noticias\/2016\/bmw-x1-sav-deportivo\/","title":{"rendered":"Nuevo BMW X1, el SAV m\u00e1s deportivo"},"content":{"rendered":"<p style=\"text-align: justify;\">Aterriza en nuestro pa\u00eds el <strong>nuevo BMW X1<\/strong>. La segunda generaci\u00f3n de este ic\u00f3nico modelo posee los mismos rasgos de dise\u00f1o caracter\u00edsticos de los modelos X de la marca alemana, pero cuenta con <strong>m\u00faltiples novedades<\/strong> como un habit\u00e1culo mucho m\u00e1s espacioso. <strong>Un SAV moderno, elegante y exclusivo<\/strong> con una funcionalidad ingeniosa y \u00fanica.<\/p>\n<p><img loading=\"lazy\" decoding=\"async\" class=\"size-full wp-image-8738 alignleft\" alt=\"Nuevo BMW X1, el SAV m\u00e1s deportivo | Sibuscascoche.com\" src=\"https:\/\/www.sibuscascoche.com\/noticias\/wp-content\/uploads\/2016\/08\/p.jpg\" width=\"300\" height=\"200\" \/>Dise\u00f1ado para los amantes de la conducci\u00f3n, este modelo posee una<strong> silueta poderosa<\/strong> con una gran distancia entre ejes y voladizos cortos, resulta impecable. Su <strong>dise\u00f1o atl\u00e9tico<\/strong> posee unas dimensiones exteriores reducidas, sin comprometer la flexibilidad ni el abundante espacio en las filas de asientos. La combinaci\u00f3n de materiales exclusivos y detalles a juego realza su aspecto deportivo.<\/p>\n<p>Se lanza al mercado con una gama de motores completamente nueva, ofreciendo <strong>un motor de gasolina y tres di\u00e9sel<\/strong>, todos ellos de cuatro cilindros, abarcando un margen de potencia desde <strong>150 CV hasta 231 CV<\/strong>. Todos ellos combinados con una caja de cambios manual de seis marchas, o bien con una caja autom\u00e1tica Steptronic de ocho marchas.<\/p>\n<p style=\"text-align: justify;\">El exterior de este SAV posee un <strong>aspecto \u00fanico al frontal y a la zaga.<\/strong> Adem\u00e1s, estas <img loading=\"lazy\" decoding=\"async\" class=\"alignright size-full wp-image-8739\" alt=\"Nuevo BMW X1, el SAV m\u00e1s deportivo | Sibuscascoche.com\" src=\"https:\/\/www.sibuscascoche.com\/noticias\/wp-content\/uploads\/2016\/08\/x1-advantage-3.jpg.resource.1432136487761.jpg\" width=\"300\" height=\"200\" \/>caracter\u00edsticas, disponibles en numerosos acabados exclusivos, ofrecen protecci\u00f3n contra impactos de piedras en las escapadas offroad. La <strong>excelencia aerodin\u00e1mica<\/strong> y la reducci\u00f3n del consumo derivada est\u00e1n garantizadas por detalles como los Aeroblades en el port\u00f3n trasero y el sistema Air Curtain integrado en las tomas de aire del frontal.<br \/>\nEn el interior, este BMW X1 ofrece una posici\u00f3n elevada del asiento para disfrutar de las mejores vistas entre materiales exclusivos. En combinaci\u00f3n con su <strong>manejo intuitivo<\/strong> y el uso variable del espacio.<\/p>\n<p>El\u00a0 nuevo BMW X1 es el <strong>compa\u00f1ero de viaje perfecto<\/strong> para todos tus planes futuros, \u00bfA qu\u00e9 esperas? \u00a1Hazte con el tuyo! \u00a1No olvides seguirnos en Facebook, twitter e Instagram!<\/p>\n","protected":false},"excerpt":{"rendered":"<p>Aterriza en nuestro pa\u00eds el nuevo BMW X1. La segunda generaci\u00f3n de este ic\u00f3nico modelo posee los mismos rasgos de dise\u00f1o caracter\u00edsticos de los modelos X de la marca alemana,<\/p>\n","protected":false},"author":6,"featured_media":8737,"comment_status":"closed","ping_status":"open","sticky":false,"template":"","format":"standard","meta":{"footnotes":""},"categories":[1,7],"tags":[822],"class_list":["post-8736","post","type-post","status-publish","format-standard","has-post-thumbnail","hentry","category-actualidad","category-turismos","tag-bmw-x1"],"_links":{"self":[{"href":"https:\/\/www.sibuscascoche.com\/noticias\/wp-json\/wp\/v2\/posts\/8736","targetHints":{"allow":["GET"]}}],"collection":[{"href":"https:\/\/www.sibuscascoche.com\/noticias\/wp-json\/wp\/v2\/posts"}],"about":[{"href":"https:\/\/www.sibuscascoche.com\/noticias\/wp-json\/wp\/v2\/types\/post"}],"author":[{"embeddable":true,"href":"https:\/\/www.sibuscascoche.com\/noticias\/wp-json\/wp\/v2\/users\/6"}],"replies":[{"embeddable":true,"href":"https:\/\/www.sibuscascoche.com\/noticias\/wp-json\/wp\/v2\/comments?post=8736"}],"version-history":[{"count":3,"href":"https:\/\/www.sibuscascoche.com\/noticias\/wp-json\/wp\/v2\/posts\/8736\/revisions"}],"predecessor-version":[{"id":9130,"href":"https:\/\/www.sibuscascoche.com\/noticias\/wp-json\/wp\/v2\/posts\/8736\/revisions\/9130"}],"wp:featuredmedia":[{"embeddable":true,"href":"https:\/\/www.sibuscascoche.com\/noticias\/wp-json\/wp\/v2\/media\/8737"}],"wp:attachment":[{"href":"https:\/\/www.sibuscascoche.com\/noticias\/wp-json\/wp\/v2\/media?parent=8736"}],"wp:term":[{"taxonomy":"category","embeddable":true,"href":"https:\/\/www.sibuscascoche.com\/noticias\/wp-json\/wp\/v2\/categories?post=8736"},{"taxonomy":"post_tag","embeddable":true,"href":"https:\/\/www.sibuscascoche.com\/noticias\/wp-json\/wp\/v2\/tags?post=8736"}],"curies":[{"name":"wp","href":"https:\/\/api.w.org\/{rel}","templated":true}]}}