{"id":8729,"date":"2016-10-06T19:51:07","date_gmt":"2016-10-06T17:51:07","guid":{"rendered":"https:\/\/www.sibuscascoche.com\/noticias\/?p=8729"},"modified":"2016-10-06T19:51:07","modified_gmt":"2016-10-06T17:51:07","slug":"bmw-serie-5-berlina-premium","status":"publish","type":"post","link":"https:\/\/www.sibuscascoche.com\/noticias\/2016\/bmw-serie-5-berlina-premium\/","title":{"rendered":"BMW Serie 5, la berlina premium m\u00e1s digital"},"content":{"rendered":"<p>Llevabas mucho tiempo esper\u00e1ndolo, pero tranquilo, ha merecido la pena. Hoy desvelamos algunas de las <strong>caracter\u00edsticas que tendr\u00e1 el nuevo BMW Serie 5.<\/strong> La marca alemana est\u00e1 trabajando a pleno rendimiento en su nueva generaci\u00f3n de veh\u00edculos y cada vez conocemos detalles m\u00e1s sorprendentes, como la incorporaci\u00f3n en su desarrollo de\u00a0 unos <strong>sensores capaces de crear im\u00e1genes en 3D<\/strong>. El lanzamiento de la <strong>berlina Premium<\/strong> por excelencia est\u00e1 a la vuelta de la esquina, de hecho, se acaba de presentar en el\u00a0<a href=\"http:\/\/www.mondialautomobile.com\/\" target=\"_blank\" rel=\"noopener\"><strong>Sal\u00f3n Internacional del Autom\u00f3vil de Par\u00eds<\/strong><\/a>.<\/p>\n<p>Para su elaboraci\u00f3n se han empleado unos <strong>brazos rob\u00f3ticos<\/strong> con una presi\u00f3n m\u00e1xima, menor a 100 micr\u00f3metros, lo que permitir\u00e1 apreciar las imperfecciones hasta ahora imperceptibles. Este brazo rob\u00f3tico est\u00e1 sobre ra\u00edles montados en un eje longitudinal de la c\u00e9lula \u00f3ptima de medici\u00f3n que se mueve libremente. Su funci\u00f3n es <strong>realizar un m<img loading=\"lazy\" decoding=\"async\" class=\"size-full wp-image-8731 alignleft\" alt=\"BMW Serie 5, la berlina premium m\u00e1s digital\" src=\"https:\/\/www.sibuscascoche.com\/noticias\/wp-content\/uploads\/2016\/08\/bmw1.jpg\" width=\"300\" height=\"200\" \/>apa completo del veh\u00edculo en 3D<\/strong> para utilizar dos peque\u00f1os robots en paralelo, abarcando as\u00ed una mayor superficie de trabajo. Esto consigue que aumente notablemente la rapidez de las mediciones.<\/p>\n<p>Una mejor\u00eda excelente para un modelo tan esperado como \u00fanico. El grupo alem\u00e1n\u00a0 est\u00e1 llevando a cabo una estrategia de <strong>digitalizaci\u00f3n en su producci\u00f3n<\/strong>, por lo que este m\u00e9todo ser\u00e1 implementado en la fabricaci\u00f3n de futuros modelos.<\/p>\n<p>El BMW Serie 5 h\u00edbrido <strong>estar\u00e1 disponible en dos versiones mec\u00e1nicas, el 530e y el 540e. <\/strong>El primero heredar\u00e1 el sistema de propulsi\u00f3n que actualmente emplea el BMW 330e iPerformance, aunque con una <strong>potencia superior y una autonom\u00eda m\u00e1s amplia<\/strong>, gracias al empleo de una bater\u00eda de mayor densidad energ\u00e9tica. El modelo 540e, que se posicionar\u00eda como el <strong>h\u00edbrido enchufable m\u00e1s poderoso<\/strong> de la gama del sed\u00e1n alem\u00e1n.<\/p>\n<p>Desde <strong><a href=\"https:\/\/www.sibuscascoche.com\/\">Sibuscascoche<\/a> te informaremos al detalle sobre el\u00a0 lanzamiento del BMW serie 5<\/strong>. \u00a1S\u00edguenos en <a href=\"https:\/\/www.facebook.com\/sibuscascoche\/?fref=ts\" target=\"_blank\" rel=\"noopener\">Facebook<\/a>, <a href=\"https:\/\/twitter.com\/Sibuscascoche\" target=\"_blank\" rel=\"noopener\">Twitter<\/a> e <a href=\"https:\/\/www.instagram.com\/sibuscascoche\/\" target=\"_blank\" rel=\"noopener\">Instagram<\/a> y no te pierdas nada!<\/p>\n","protected":false},"excerpt":{"rendered":"<p>Llevabas mucho tiempo esper\u00e1ndolo, pero tranquilo, ha merecido la pena. Hoy desvelamos algunas de las caracter\u00edsticas que tendr\u00e1 el nuevo BMW Serie 5. La marca alemana est\u00e1 trabajando a pleno<\/p>\n","protected":false},"author":6,"featured_media":8730,"comment_status":"closed","ping_status":"open","sticky":false,"template":"","format":"standard","meta":{"footnotes":""},"categories":[1,10,7],"tags":[995],"class_list":["post-8729","post","type-post","status-publish","format-standard","has-post-thumbnail","hentry","category-actualidad","category-hibridos-electricos","category-turismos","tag-bmw-serie-5"],"_links":{"self":[{"href":"https:\/\/www.sibuscascoche.com\/noticias\/wp-json\/wp\/v2\/posts\/8729","targetHints":{"allow":["GET"]}}],"collection":[{"href":"https:\/\/www.sibuscascoche.com\/noticias\/wp-json\/wp\/v2\/posts"}],"about":[{"href":"https:\/\/www.sibuscascoche.com\/noticias\/wp-json\/wp\/v2\/types\/post"}],"author":[{"embeddable":true,"href":"https:\/\/www.sibuscascoche.com\/noticias\/wp-json\/wp\/v2\/users\/6"}],"replies":[{"embeddable":true,"href":"https:\/\/www.sibuscascoche.com\/noticias\/wp-json\/wp\/v2\/comments?post=8729"}],"version-history":[{"count":5,"href":"https:\/\/www.sibuscascoche.com\/noticias\/wp-json\/wp\/v2\/posts\/8729\/revisions"}],"predecessor-version":[{"id":9020,"href":"https:\/\/www.sibuscascoche.com\/noticias\/wp-json\/wp\/v2\/posts\/8729\/revisions\/9020"}],"wp:featuredmedia":[{"embeddable":true,"href":"https:\/\/www.sibuscascoche.com\/noticias\/wp-json\/wp\/v2\/media\/8730"}],"wp:attachment":[{"href":"https:\/\/www.sibuscascoche.com\/noticias\/wp-json\/wp\/v2\/media?parent=8729"}],"wp:term":[{"taxonomy":"category","embeddable":true,"href":"https:\/\/www.sibuscascoche.com\/noticias\/wp-json\/wp\/v2\/categories?post=8729"},{"taxonomy":"post_tag","embeddable":true,"href":"https:\/\/www.sibuscascoche.com\/noticias\/wp-json\/wp\/v2\/tags?post=8729"}],"curies":[{"name":"wp","href":"https:\/\/api.w.org\/{rel}","templated":true}]}}