{"id":871,"date":"2013-12-03T09:51:37","date_gmt":"2013-12-03T08:51:37","guid":{"rendered":"https:\/\/www.sibuscascoche.com\/noticias\/?p=871"},"modified":"2013-12-03T10:26:27","modified_gmt":"2013-12-03T09:26:27","slug":"nuevo-mercedes-clase-c-2014","status":"publish","type":"post","link":"https:\/\/www.sibuscascoche.com\/noticias\/2013\/nuevo-mercedes-clase-c-2014\/","title":{"rendered":"Nuevo Mercedes Clase C 2014"},"content":{"rendered":"<p style=\"text-align: justify;\">Se trata de la cuarta generaci\u00f3n de la berlina alemana\u00a0y aunque a\u00fan no puede comprarse, tiene prevista su primera aparici\u00f3n el pr\u00f3ximo mes de enero en el <b>Sal\u00f3n de Detroit<\/b>, entre los d\u00edas 13 y el 26. No obstante, no podremos verlo circular por las calles hasta julio de 2014.<\/p>\n<h5 style=\"text-align: justify;\"><b>Motor y consumo<\/b><\/h5>\n<p style=\"text-align: justify;\"><img loading=\"lazy\" decoding=\"async\" class=\" wp-image-880 alignright\" alt=\"Mercedes Clase C 2014\" src=\"https:\/\/www.sibuscascoche.com\/noticias\/wp-content\/uploads\/2013\/12\/mercedes_clase_C_2014_interior.jpg\" width=\"300\" height=\"199\" \/>En cuanto a motor, parece que el nuevo modelo de <b>Mercedes<\/b> podr\u00e1 adquirirse tanto en gasolina como en diesel, habiendo varias alternativas para cada uno. Debemos destacar\u00a0 la versi\u00f3n C63 AMG con la friolera de 500 CV. La diferencia con su predecesor es que ten\u00eda 457 CV, con lo cual la potencia se ha visto aumentada de manera notable.<\/p>\n<p style=\"text-align: justify;\">No obstante, tambi\u00e9n encontramos una variante m\u00e1s ecol\u00f3gica al igual que en las gamas de Clase E y Clase S. E incluso parece que el nuevo modelo podr\u00eda tener una variante h\u00edbrida.<\/p>\n<p style=\"text-align: justify;\">Cabe destacar que para ser m\u00e1s eficiente, el nuevo<b> Mercedes Clase C <\/b>\u00a0ha perdido casi 100 kg de peso con respecto al anterior. Adem\u00e1s har\u00e1 uso de la <b>suspensi\u00f3n delantera de cuatro brazos y de una trasera de cinco.<\/b> Todo ello fabricado en aluminio. De forma opcional, este autom\u00f3vil tambi\u00e9n estar\u00e1 disponible con suspensi\u00f3n <b>Airmatic<\/b>, que resulta de lo m\u00e1s c\u00f3moda en cualquier situaci\u00f3n.<\/p>\n<h5 style=\"text-align: justify;\"><b>Est\u00e9tica y carrocer\u00eda<\/b><\/h5>\n<p style=\"text-align: justify;\">El nuevo modelo de Mercedes tendr\u00e1 una est\u00e9tica muy similar a la del <b>Mercedes Clase S 2013,<\/b> ofreciendo un dise\u00f1o exterior mucho m\u00e1s deportivo que su predecesor y, por supuesto mucho m\u00e1s elegante. De esta forma el <b>Mercedes Clase C<\/b> evidencia en qu\u00e9 tipo de veh\u00edculo se ha convertido. Un modelo algo m\u00e1s alargado cuyas medidas ser\u00e1n 4,7 metros. El anterior cuenta con 4,58 metros. En cualquier caso parece que los cambios no son muy radicales.<\/p>\n<p style=\"text-align: justify;\">En cuanto a la <b>carrocer\u00eda<\/b>, las versiones que se ofrecer\u00e1n ser\u00e1 la habitual berlina-sed\u00e1n y la familiar Estate. Pero adem\u00e1s tambi\u00e9n podr\u00e1 adquirirse en versiones m\u00e1s glamourosas como el Coup\u00e9 o el Cabrio. La diferencia es que \u00e9ste \u00faltimo contar\u00e1 con una carrocer\u00eda descapotable que no hab\u00eda sido editada a\u00fan en el Clase C.<\/p>\n<p style=\"text-align: justify;\">En cualquier caso, a\u00fan habr\u00e1 que esperar varios meses para poder comprarlo y verlo por fin circulando por las carreteras espa\u00f1olas. Eso s\u00ed, mientras podemos deleitar nuestra mirada con las im\u00e1genes que ya van apareciendo.<\/p>\n<p><iframe loading=\"lazy\" width=\"650\" height=\"366\" src=\"\/\/www.youtube.com\/embed\/OpVRz2xMIB0\" frameborder=\"0\" allowfullscreen><\/iframe><\/p>\n","protected":false},"excerpt":{"rendered":"<p>Se trata de la cuarta generaci\u00f3n de la berlina alemana\u00a0y aunque a\u00fan no puede comprarse, tiene prevista su primera aparici\u00f3n el pr\u00f3ximo mes de enero en el Sal\u00f3n de Detroit,<\/p>\n","protected":false},"author":1,"featured_media":876,"comment_status":"closed","ping_status":"open","sticky":false,"template":"","format":"standard","meta":{"footnotes":""},"categories":[8],"tags":[143],"class_list":["post-871","post","type-post","status-publish","format-standard","has-post-thumbnail","hentry","category-lanzamientos","tag-mercedes"],"_links":{"self":[{"href":"https:\/\/www.sibuscascoche.com\/noticias\/wp-json\/wp\/v2\/posts\/871","targetHints":{"allow":["GET"]}}],"collection":[{"href":"https:\/\/www.sibuscascoche.com\/noticias\/wp-json\/wp\/v2\/posts"}],"about":[{"href":"https:\/\/www.sibuscascoche.com\/noticias\/wp-json\/wp\/v2\/types\/post"}],"author":[{"embeddable":true,"href":"https:\/\/www.sibuscascoche.com\/noticias\/wp-json\/wp\/v2\/users\/1"}],"replies":[{"embeddable":true,"href":"https:\/\/www.sibuscascoche.com\/noticias\/wp-json\/wp\/v2\/comments?post=871"}],"version-history":[{"count":18,"href":"https:\/\/www.sibuscascoche.com\/noticias\/wp-json\/wp\/v2\/posts\/871\/revisions"}],"predecessor-version":[{"id":892,"href":"https:\/\/www.sibuscascoche.com\/noticias\/wp-json\/wp\/v2\/posts\/871\/revisions\/892"}],"wp:featuredmedia":[{"embeddable":true,"href":"https:\/\/www.sibuscascoche.com\/noticias\/wp-json\/wp\/v2\/media\/876"}],"wp:attachment":[{"href":"https:\/\/www.sibuscascoche.com\/noticias\/wp-json\/wp\/v2\/media?parent=871"}],"wp:term":[{"taxonomy":"category","embeddable":true,"href":"https:\/\/www.sibuscascoche.com\/noticias\/wp-json\/wp\/v2\/categories?post=871"},{"taxonomy":"post_tag","embeddable":true,"href":"https:\/\/www.sibuscascoche.com\/noticias\/wp-json\/wp\/v2\/tags?post=871"}],"curies":[{"name":"wp","href":"https:\/\/api.w.org\/{rel}","templated":true}]}}