{"id":8465,"date":"2016-08-19T09:38:02","date_gmt":"2016-08-19T07:38:02","guid":{"rendered":"https:\/\/www.sibuscascoche.com\/noticias\/?p=8465"},"modified":"2016-08-26T09:40:50","modified_gmt":"2016-08-26T07:40:50","slug":"como-actuar-al-volante-ante-una-tormenta-de-verano","status":"publish","type":"post","link":"https:\/\/www.sibuscascoche.com\/noticias\/2016\/como-actuar-al-volante-ante-una-tormenta-de-verano\/","title":{"rendered":"C\u00f3mo actuar  ante una tormenta de verano al volante"},"content":{"rendered":"<p style=\"text-align: justify;\">El verano es la estaci\u00f3n del a\u00f1o donde m\u00e1s se utiliza el coche. Los desplazamientos se multiplican y el tiempo siempre nos acompa\u00f1a en esos id\u00edlicos viajes estivales\u2026 o bueno, casi siempre. El sol, la claridad y las carreteras secas nos facilitan la conducci\u00f3n en todo momento, pero no podemos olvidar las\u00a0 tormentas de verano y sus peligros. Aunque <strong>suelen ser muy breves<\/strong>, en la \u00faltima d\u00e9cada su fuerza\u00a0 se ha cobrado la vida de muchas personas en nuestro pa\u00eds. Una conducci\u00f3n segura es esencial para llegar a nuestro destino sin sufrir ning\u00fan percance.<\/p>\n<p style=\"text-align: justify;\">La forma de actuar m\u00e1s recomendable es<strong> aparcar\u00a0 nuestro veh\u00edculo inmediatamente en una zona segura y apagarlo por completo<\/strong>\u2026 s\u00ed, la radio tambi\u00e9n. Es importante <strong>evitar tocar las ventanas, las puertas y las marchas<\/strong> ya que son conductores de electricidad y si un rayo impacta sobre nuestro coche podr\u00edamos sufrir una descarga el\u00e9ctrica.<\/p>\n<p>Tras una tormenta el\u00e9ctrica em<img loading=\"lazy\" decoding=\"async\" class=\"size-full wp-image-8469 alignleft\" alt=\"Conducir durante una tormenta de verano | Sibuscascoche.com\" src=\"https:\/\/www.sibuscascoche.com\/noticias\/wp-content\/uploads\/2016\/07\/thunder-953118_960_720-585x390.jpg\" width=\"300\" height=\"200\" \/>pieza el diluvio por lo que extremar la precauci\u00f3n es realmente importante. Aunque en un principio se manifieste a trav\u00e9s de peque\u00f1as gotas que se podr\u00edan confundir con el roc\u00edo ma\u00f1anero, todos sabemos que poco a poco la fuerza de la lluvia ir\u00e1 aumentando. En muchos casos el granizo har\u00e1 su aparici\u00f3n estelar dispuesto a echarle un pulso a\u00a0 nuestro parabrisas (<strong>es recomendable agarrar la luna delantera para crear otro punto de apoyo y evitar que el cristal se quiebre y rompa<\/strong>.)<\/p>\n<p>Por supuesto no debemos olvidar <strong>reducir la velocidad y mantener una conducci\u00f3n estable<\/strong>, evitando los frenazos y los acelerones para no provocar ninguna situaci\u00f3n de riesgo, ya que la carretera se encontrar\u00e1 sucia por la falta de lluvias. La mezcla del polvo que hay en el asfalto con el agua provoca que la <strong>adherencia de nuestros neum\u00e1ticos con la carretera sea menor<\/strong>. Tambi\u00e9n debemos vigilar nuestros limpiaparabrisas ya que podr\u00edan contener part\u00edculas de polvo, que, junto al agua, podr\u00edan formar una capa que dificulte la visi\u00f3n, por eso es importante limpiarlos de vez en cuando durante las estaciones donde la frecuencia de las lluvias disminuye.<\/p>\n<p style=\"text-align: justify;\">Como siempre, una conducci\u00f3n segura y responsable nos puede salvar la vida, as\u00ed que ya sabes, \u201cprecauci\u00f3n, amigo conductor\u201d y por supuesto\u2026<strong> \u00a1Buen viaje!<\/strong><\/p>\n","protected":false},"excerpt":{"rendered":"<p>El verano es la estaci\u00f3n del a\u00f1o donde m\u00e1s se utiliza el coche. Los desplazamientos se multiplican y el tiempo siempre nos acompa\u00f1a en esos id\u00edlicos viajes estivales\u2026 o bueno,<\/p>\n","protected":false},"author":6,"featured_media":8466,"comment_status":"closed","ping_status":"open","sticky":false,"template":"","format":"standard","meta":{"footnotes":""},"categories":[1],"tags":[992],"class_list":["post-8465","post","type-post","status-publish","format-standard","has-post-thumbnail","hentry","category-actualidad","tag-tormenta-de-verano"],"_links":{"self":[{"href":"https:\/\/www.sibuscascoche.com\/noticias\/wp-json\/wp\/v2\/posts\/8465","targetHints":{"allow":["GET"]}}],"collection":[{"href":"https:\/\/www.sibuscascoche.com\/noticias\/wp-json\/wp\/v2\/posts"}],"about":[{"href":"https:\/\/www.sibuscascoche.com\/noticias\/wp-json\/wp\/v2\/types\/post"}],"author":[{"embeddable":true,"href":"https:\/\/www.sibuscascoche.com\/noticias\/wp-json\/wp\/v2\/users\/6"}],"replies":[{"embeddable":true,"href":"https:\/\/www.sibuscascoche.com\/noticias\/wp-json\/wp\/v2\/comments?post=8465"}],"version-history":[{"count":10,"href":"https:\/\/www.sibuscascoche.com\/noticias\/wp-json\/wp\/v2\/posts\/8465\/revisions"}],"predecessor-version":[{"id":8709,"href":"https:\/\/www.sibuscascoche.com\/noticias\/wp-json\/wp\/v2\/posts\/8465\/revisions\/8709"}],"wp:featuredmedia":[{"embeddable":true,"href":"https:\/\/www.sibuscascoche.com\/noticias\/wp-json\/wp\/v2\/media\/8466"}],"wp:attachment":[{"href":"https:\/\/www.sibuscascoche.com\/noticias\/wp-json\/wp\/v2\/media?parent=8465"}],"wp:term":[{"taxonomy":"category","embeddable":true,"href":"https:\/\/www.sibuscascoche.com\/noticias\/wp-json\/wp\/v2\/categories?post=8465"},{"taxonomy":"post_tag","embeddable":true,"href":"https:\/\/www.sibuscascoche.com\/noticias\/wp-json\/wp\/v2\/tags?post=8465"}],"curies":[{"name":"wp","href":"https:\/\/api.w.org\/{rel}","templated":true}]}}