{"id":8425,"date":"2016-09-03T20:29:07","date_gmt":"2016-09-03T18:29:07","guid":{"rendered":"https:\/\/www.sibuscascoche.com\/noticias\/?p=8425"},"modified":"2016-09-29T13:29:22","modified_gmt":"2016-09-29T11:29:22","slug":"nuevo-audi-q2-todoterreno-disfrazado-urbanita","status":"publish","type":"post","link":"https:\/\/www.sibuscascoche.com\/noticias\/2016\/nuevo-audi-q2-todoterreno-disfrazado-urbanita\/","title":{"rendered":"El nuevo Audi Q2: un todoterreno disfrazado de urbanita"},"content":{"rendered":"<p>La nueva generaci\u00f3n del <strong>SUV<\/strong> compacto de <strong>Audi<\/strong> ha iniciado su comercializaci\u00f3n en el mercado espa\u00f1ol. El renovado <strong>Audi Q2<\/strong> destaca por su<strong> dise\u00f1o progresivo<\/strong>, su <strong>alta funcionalidad<\/strong> y por<strong> sistemas de asistencia<\/strong>,<strong> conectividad<\/strong> y <strong>ayudas a la conducci\u00f3n<\/strong> propias de la clase de lujo. \u00a1Querr\u00e1s <strong>comprar coche<\/strong>! Te contamos todos los detalles del posible <em>best-seller<\/em> de la marca alemana.<\/p>\n<p>El nuevo<strong> Audi Q2<\/strong> hace su aparici\u00f3n con una gama de motorizaciones que ofrecer\u00e1 <strong>tres versiones di\u00e9sel<\/strong> y otras <strong>tres de gasolina<\/strong>, de 116 CV, <strong>1650 CV<\/strong> y <strong>190 CV<\/strong> en los dos tipos de motor. Las versiones menos potentes -1.0 TFSI de gasolina y el 1.6 TDI di\u00e9sel- podr\u00e1n combinarse tanto con el <strong>cambio manual de 6 velocidades<\/strong> como con el <strong>cambio autom\u00e1tico S tronic<\/strong>. Las m\u00e1s potentes, las de 190 CV, saldr\u00e1n al mercado con el <strong>cambio autom\u00e1tico de 7 velocidades S tronic<\/strong>. En cuanto a la tracci\u00f3n, ser\u00e1 delantera en las versiones de menor potencia y total en los modelos de m\u00e1s cilindrada.<\/p>\n<p><img loading=\"lazy\" decoding=\"async\" class=\"alignright size-full wp-image-8428\" title=\"El nuevo Audi Q2: un todoterreno disfrazado de urbanita | Sibuscascoche.com\" alt=\"comprar coche\" src=\"https:\/\/www.sibuscascoche.com\/noticias\/wp-content\/uploads\/2016\/07\/sbc-audiq2-interior.jpg\" width=\"300\" height=\"200\" \/><\/p>\n<p>Este nuevo veh\u00edculo es un <strong>modelo de ciudad con apariencia de todoterreno<\/strong>, con un aspecto m\u00e1s en\u00e9rgico pese a sus dimensiones m\u00e1s peque\u00f1as. Para ello cuenta con un frontal llamativo y una l\u00ednea de techo muy baja, que contrasta con la l\u00ednea de cintura muy alta transmitiendo una gran sensaci\u00f3n de robustez. La \u00fanica carrocer\u00eda disponible ser\u00e1 de <strong>cinco puertas<\/strong> y un <strong>maletero de 405 litros<\/strong> -con una amplia abertura para facilitar la carga y con una capacidad m\u00e1xima de 1.050 litros con los asientos plegados-.<\/p>\n<p>En cuanto a su interior, destaca la <strong>pantalla de 7 pulgadas<\/strong> en la consola central con el sistema MMi Radio Plus que incluye el equipamiento de serie. Las prestaciones de salida pueden completarse con multitud de opciones y elementos de personalizaci\u00f3n, confort, infotainment y multimedia. Adem\u00e1s de la parte multimedia, el Q2 ofrece interesantes <strong>herramientas de ayuda a la conducci\u00f3n<\/strong>. Entre ellos, un programador de velocidad activo con funci\u00f3n Stop&amp;Go y asistente de conducci\u00f3n en atascos, detector de objetos en \u00e1ngulo muerto, reconocimiento de se\u00f1ales de tr\u00e1fico o aviso por cambio involuntario de carril.<\/p>\n<p>La marca alemana ofrece para este nuevo modelo<strong> dos ediciones especiales, design y sport<\/strong>, con un estilo m\u00e1s exclusivo y con colores y guarnecidos interiores m\u00e1s personalizados. La primera de ellas se acerca a un estilo m\u00e1s elegante con un precio de 2.390\u20ac, mientras que la segunda se caracteriza por un car\u00e1cter m\u00e1s deportivo con un precio de 2.850\u20ac.<\/p>\n<p>El nuevo <strong>Audi Q2<\/strong> comenzar\u00e1 a estar disponible en los concesionarios espa\u00f1oles a partir del pr\u00f3ximo mes de octubre con precios desde los <strong>25.950 euros (1.0 TFSI 116 CV)<\/strong> hasta los <strong>36.590 euros (2.0 TDI 190 CV Quattro)<\/strong>. Hasta entonces, puedes consultar en nuestro portal los modelos disponibles en <strong><a title=\"Tu portal de coches de ocasi\u00f3n | Sibuscascoche.com\" href=\"https:\/\/www.sibuscascoche.com\/coches-ocasion\/audi\">coches Audi ocasi\u00f3n<\/a>.<\/strong><\/p>\n","protected":false},"excerpt":{"rendered":"<p>La nueva generaci\u00f3n del SUV compacto de Audi ha iniciado su comercializaci\u00f3n en el mercado espa\u00f1ol. El renovado Audi Q2 destaca por su dise\u00f1o progresivo, su alta funcionalidad y por<\/p>\n","protected":false},"author":6,"featured_media":8432,"comment_status":"closed","ping_status":"open","sticky":false,"template":"","format":"standard","meta":{"footnotes":""},"categories":[1,8],"tags":[],"class_list":["post-8425","post","type-post","status-publish","format-standard","has-post-thumbnail","hentry","category-actualidad","category-lanzamientos"],"_links":{"self":[{"href":"https:\/\/www.sibuscascoche.com\/noticias\/wp-json\/wp\/v2\/posts\/8425","targetHints":{"allow":["GET"]}}],"collection":[{"href":"https:\/\/www.sibuscascoche.com\/noticias\/wp-json\/wp\/v2\/posts"}],"about":[{"href":"https:\/\/www.sibuscascoche.com\/noticias\/wp-json\/wp\/v2\/types\/post"}],"author":[{"embeddable":true,"href":"https:\/\/www.sibuscascoche.com\/noticias\/wp-json\/wp\/v2\/users\/6"}],"replies":[{"embeddable":true,"href":"https:\/\/www.sibuscascoche.com\/noticias\/wp-json\/wp\/v2\/comments?post=8425"}],"version-history":[{"count":6,"href":"https:\/\/www.sibuscascoche.com\/noticias\/wp-json\/wp\/v2\/posts\/8425\/revisions"}],"predecessor-version":[{"id":8954,"href":"https:\/\/www.sibuscascoche.com\/noticias\/wp-json\/wp\/v2\/posts\/8425\/revisions\/8954"}],"wp:featuredmedia":[{"embeddable":true,"href":"https:\/\/www.sibuscascoche.com\/noticias\/wp-json\/wp\/v2\/media\/8432"}],"wp:attachment":[{"href":"https:\/\/www.sibuscascoche.com\/noticias\/wp-json\/wp\/v2\/media?parent=8425"}],"wp:term":[{"taxonomy":"category","embeddable":true,"href":"https:\/\/www.sibuscascoche.com\/noticias\/wp-json\/wp\/v2\/categories?post=8425"},{"taxonomy":"post_tag","embeddable":true,"href":"https:\/\/www.sibuscascoche.com\/noticias\/wp-json\/wp\/v2\/tags?post=8425"}],"curies":[{"name":"wp","href":"https:\/\/api.w.org\/{rel}","templated":true}]}}