{"id":8380,"date":"2016-07-22T18:30:25","date_gmt":"2016-07-22T16:30:25","guid":{"rendered":"https:\/\/www.sibuscascoche.com\/noticias\/?p=8380"},"modified":"2016-07-22T18:30:25","modified_gmt":"2016-07-22T16:30:25","slug":"nuevo-volkswagen-up-juvenil-atractivo-dinamico","status":"publish","type":"post","link":"https:\/\/www.sibuscascoche.com\/noticias\/2016\/nuevo-volkswagen-up-juvenil-atractivo-dinamico\/","title":{"rendered":"Nuevo Volkswagen Up!: juvenil, atractivo y din\u00e1mico"},"content":{"rendered":"<p>Volkswagen acaba de lanzar al mercado espa\u00f1ol <strong>el nuevo Up!<\/strong>. Despu\u00e9s del <strong>\u00e9xito de la primera generaci\u00f3n en 2011<\/strong>, el modelo m\u00e1s urbano de la marca alemana aparece rejuvenecido para adaptarse a los nuevos tiempos. Te contamos todo sobre el nuevo miembro de la familia alemana.<\/p>\n<p><img loading=\"lazy\" decoding=\"async\" class=\"alignright size-full wp-image-8383\" alt=\"up\" src=\"https:\/\/www.sibuscascoche.com\/noticias\/wp-content\/uploads\/2016\/07\/sbc-up-interior.jpg\" width=\"300\" height=\"200\" \/><\/p>\n<p>En contraste con su predecesor, el nuevo Up! destaca por incorporar<strong> nuevos detalles est\u00e9ticos, mayores elementos de personalizaci\u00f3n y un equipamiento m\u00e1s completo<\/strong>. En su exterior incorpora nuevos parachoques m\u00e1s modernos e innovadores que lo hacen crecer hasta los<strong> 3,60 metros de longitud<\/strong>. Tambi\u00e9n hay que destacar los nuevos faros LED, las llamativas llantas de hasta 17 pulgadas, la integraci\u00f3n del intermitente en los retrovisores y los 13 colores disponibles para la carrocer\u00eda. Este modelo podr\u00e1 personalizarse mediante<strong> distintos paquetes de dise\u00f1o dirigidos a atraer al p\u00fablico m\u00e1s joven<\/strong>.<\/p>\n<p>El interior del nuevo Volkswagen Up! apuesta por una est\u00e9tica mucho m\u00e1s atractiva, con <strong>nuevas molduras decorativas en el salpicadero y nuevos tapizados<\/strong>. Adem\u00e1s, cuenta con un nuevo sistema de infoentretenimiento que permite la<strong> conectividad con smartphones mediante una aplicaci\u00f3n disponible en iOS y Android<\/strong>.<\/p>\n<p>La gama mec\u00e1nica del Up! a\u00f1ade una nueva variante m\u00e1s potente que se suma a los ya conocidos <strong>motores de gasolina de 60 y 75 CV<\/strong>. Se trata de un <strong>motor de 1 litro y tres cilindros TSI con turbo que desarrolla 90 CV<\/strong>. Con este motor, el Volkswagen Up! <strong>acelera de 0 a 100 km\/h en menos de 10 segundos <\/strong>y alcanza una velocidad m\u00e1xima de 185 km\/h. Adem\u00e1s de estos motores, la gama incluir\u00e1 un<strong> eficiente Eco Up! de 68 CV con propulsi\u00f3n por gas natural comprimido<\/strong> y una<strong> versi\u00f3n m\u00e1s ecol\u00f3gica, el el\u00e9ctrico E-Up! de 17,9 CV<\/strong> que llegar\u00e1 al mercado espa\u00f1ol a finales de octubre.<\/p>\n<p>Los precios del nuevo Volkswagen Up! parten desde los <strong>11.910 euros del modelo Move Up! 1.0 60 Cv manual<\/strong> hasta los <strong>15.130 \u20ac del High Up! Eco 1.0 68 CV CNG<\/strong>. Si est\u00e1s buscando un coche de tama\u00f1o reducido y orientaci\u00f3n urbana \u00a1no dejes pasar esta oportunidad!<\/p>\n","protected":false},"excerpt":{"rendered":"<p>Volkswagen acaba de lanzar al mercado espa\u00f1ol el nuevo Up!. Despu\u00e9s del \u00e9xito de la primera generaci\u00f3n en 2011, el modelo m\u00e1s urbano de la marca alemana aparece rejuvenecido para<\/p>\n","protected":false},"author":6,"featured_media":8382,"comment_status":"closed","ping_status":"open","sticky":false,"template":"","format":"standard","meta":{"footnotes":""},"categories":[1,8],"tags":[],"class_list":["post-8380","post","type-post","status-publish","format-standard","has-post-thumbnail","hentry","category-actualidad","category-lanzamientos"],"_links":{"self":[{"href":"https:\/\/www.sibuscascoche.com\/noticias\/wp-json\/wp\/v2\/posts\/8380","targetHints":{"allow":["GET"]}}],"collection":[{"href":"https:\/\/www.sibuscascoche.com\/noticias\/wp-json\/wp\/v2\/posts"}],"about":[{"href":"https:\/\/www.sibuscascoche.com\/noticias\/wp-json\/wp\/v2\/types\/post"}],"author":[{"embeddable":true,"href":"https:\/\/www.sibuscascoche.com\/noticias\/wp-json\/wp\/v2\/users\/6"}],"replies":[{"embeddable":true,"href":"https:\/\/www.sibuscascoche.com\/noticias\/wp-json\/wp\/v2\/comments?post=8380"}],"version-history":[{"count":3,"href":"https:\/\/www.sibuscascoche.com\/noticias\/wp-json\/wp\/v2\/posts\/8380\/revisions"}],"predecessor-version":[{"id":8385,"href":"https:\/\/www.sibuscascoche.com\/noticias\/wp-json\/wp\/v2\/posts\/8380\/revisions\/8385"}],"wp:featuredmedia":[{"embeddable":true,"href":"https:\/\/www.sibuscascoche.com\/noticias\/wp-json\/wp\/v2\/media\/8382"}],"wp:attachment":[{"href":"https:\/\/www.sibuscascoche.com\/noticias\/wp-json\/wp\/v2\/media?parent=8380"}],"wp:term":[{"taxonomy":"category","embeddable":true,"href":"https:\/\/www.sibuscascoche.com\/noticias\/wp-json\/wp\/v2\/categories?post=8380"},{"taxonomy":"post_tag","embeddable":true,"href":"https:\/\/www.sibuscascoche.com\/noticias\/wp-json\/wp\/v2\/tags?post=8380"}],"curies":[{"name":"wp","href":"https:\/\/api.w.org\/{rel}","templated":true}]}}