{"id":8299,"date":"2016-08-12T14:56:31","date_gmt":"2016-08-12T12:56:31","guid":{"rendered":"https:\/\/www.sibuscascoche.com\/noticias\/?p=8299"},"modified":"2016-08-12T15:06:41","modified_gmt":"2016-08-12T13:06:41","slug":"depresion-volante-mala-companera-viaje","status":"publish","type":"post","link":"https:\/\/www.sibuscascoche.com\/noticias\/2016\/depresion-volante-mala-companera-viaje\/","title":{"rendered":"La depresi\u00f3n al volante, una mala compa\u00f1era de viaje"},"content":{"rendered":"<p>Seg\u00fan la Organizaci\u00f3n Mundial de la Salud (OMS), en la actualidad,<strong> la depresi\u00f3n es una de las principales causas de la discapacidad y afecta a m\u00e1s de 350 millones de personas en todo el mundo<\/strong>. En el caso de Espa\u00f1a, es el pa\u00eds europeo con la tasa m\u00e1s alta de s\u00edntomas depresivos en poblaci\u00f3n de edad avanzada -afecta a casi el 5% de la poblaci\u00f3n-. El problema de esta enfermedad es que, con frecuencia, no se le da la importancia que se merece \u00bfQuieres saber c\u00f3mo influye la depresi\u00f3n a la hora de conducir?<\/p>\n<p><img loading=\"lazy\" decoding=\"async\" class=\"size-full wp-image-8308 alignright\" alt=\"depresi\u00f3n\" src=\"https:\/\/www.sibuscascoche.com\/noticias\/wp-content\/uploads\/2016\/06\/Depresi\u00f3n-Sibuscascoche-Interior.jpg\" width=\"300\" height=\"200\" \/><\/p>\n<p><strong>El principal obst\u00e1culo cuando se conduce con depresi\u00f3n son los antidepresivos<\/strong>. Estos medicamentos suelen afectar a las capacidades psicomotoras y cognitivas de la persona adem\u00e1s de, en algunos casos, interferir en enfermedades card\u00edacas y gastrointestinales. <strong>La somnolencia es uno de los principales efectos adversos de estos f\u00e1rmacos<\/strong> -sobra advertir del gran peligro que supone el sue\u00f1o a la hora de conducir-. Los antidepresivos tambi\u00e9n suelen producir falta de coordinaci\u00f3n, confusi\u00f3n y reducci\u00f3n de la capacidad de reacci\u00f3n.<\/p>\n<p>Debido a la gran cantidad de efectos adversos producidos por estos medicamentos, es importante que el m\u00e9dico prescriba el f\u00e1rmaco m\u00e1s adecuado en funci\u00f3n de los s\u00edntomas del paciente y que realice supervisiones peri\u00f3dicas. <strong>El seguimiento m\u00e9dico de las personas con depresi\u00f3n es fundamental a la hora de determinar sus capacidades al volante<\/strong> -tanto por enfermedad como por el tratamiento al que est\u00e1n sometidas-.<\/p>\n<p><strong>\u00bfQuieres saber c\u00f3mo detectar una depresi\u00f3n?<\/strong><\/p>\n<p>Las principales alertas de esta enfermedad son la <strong>fatiga generalizada, deseos constantes de comer o la falta de apetito, aumento de peso, problemas de sue\u00f1o, aislamiento social o p\u00e9rdida de inter\u00e9s por el entorno<\/strong>.\u00a0\u00a0Normalmente esta enfermedad aparece de forma repentina por lo que su prevenci\u00f3n resulta muy complicada. A\u00fan as\u00ed, se pueden tomar algunas medidas como <strong>no consumir drogas ni alcohol <\/strong>en exceso, realizar<strong> actividad f\u00edsica <\/strong>al aire libre,<strong> dormir entre 7 y 8 horas <\/strong>cada noche,<strong> reducir el consumo de grasas e hidratos<\/strong> e intentar<strong> dedicar cada d\u00eda un momento a tus actividades favoritas<\/strong>.<\/p>\n<p>&nbsp;<\/p>\n","protected":false},"excerpt":{"rendered":"<p>Seg\u00fan la Organizaci\u00f3n Mundial de la Salud (OMS), en la actualidad, la depresi\u00f3n es una de las principales causas de la discapacidad y afecta a m\u00e1s de 350 millones de<\/p>\n","protected":false},"author":6,"featured_media":8307,"comment_status":"closed","ping_status":"open","sticky":false,"template":"","format":"standard","meta":{"footnotes":""},"categories":[1],"tags":[],"class_list":["post-8299","post","type-post","status-publish","format-standard","has-post-thumbnail","hentry","category-actualidad"],"_links":{"self":[{"href":"https:\/\/www.sibuscascoche.com\/noticias\/wp-json\/wp\/v2\/posts\/8299","targetHints":{"allow":["GET"]}}],"collection":[{"href":"https:\/\/www.sibuscascoche.com\/noticias\/wp-json\/wp\/v2\/posts"}],"about":[{"href":"https:\/\/www.sibuscascoche.com\/noticias\/wp-json\/wp\/v2\/types\/post"}],"author":[{"embeddable":true,"href":"https:\/\/www.sibuscascoche.com\/noticias\/wp-json\/wp\/v2\/users\/6"}],"replies":[{"embeddable":true,"href":"https:\/\/www.sibuscascoche.com\/noticias\/wp-json\/wp\/v2\/comments?post=8299"}],"version-history":[{"count":8,"href":"https:\/\/www.sibuscascoche.com\/noticias\/wp-json\/wp\/v2\/posts\/8299\/revisions"}],"predecessor-version":[{"id":8311,"href":"https:\/\/www.sibuscascoche.com\/noticias\/wp-json\/wp\/v2\/posts\/8299\/revisions\/8311"}],"wp:featuredmedia":[{"embeddable":true,"href":"https:\/\/www.sibuscascoche.com\/noticias\/wp-json\/wp\/v2\/media\/8307"}],"wp:attachment":[{"href":"https:\/\/www.sibuscascoche.com\/noticias\/wp-json\/wp\/v2\/media?parent=8299"}],"wp:term":[{"taxonomy":"category","embeddable":true,"href":"https:\/\/www.sibuscascoche.com\/noticias\/wp-json\/wp\/v2\/categories?post=8299"},{"taxonomy":"post_tag","embeddable":true,"href":"https:\/\/www.sibuscascoche.com\/noticias\/wp-json\/wp\/v2\/tags?post=8299"}],"curies":[{"name":"wp","href":"https:\/\/api.w.org\/{rel}","templated":true}]}}