{"id":8258,"date":"2016-06-30T18:56:19","date_gmt":"2016-06-30T16:56:19","guid":{"rendered":"https:\/\/www.sibuscascoche.com\/noticias\/?p=8258"},"modified":"2016-06-30T18:56:19","modified_gmt":"2016-06-30T16:56:19","slug":"nuevo-skoda-kodiaq-emocional-declaracion-intenciones","status":"publish","type":"post","link":"https:\/\/www.sibuscascoche.com\/noticias\/2016\/nuevo-skoda-kodiaq-emocional-declaracion-intenciones\/","title":{"rendered":"El nuevo \u0160koda Kodiaq, emocional declaraci\u00f3n de intenciones"},"content":{"rendered":"<p style=\"text-align: left;\">El nuevo SUV de la marca checa se deja ver poco a poco mientras avanza su producci\u00f3n. Los \u00faltimos datos que llegan desde la compa\u00f1\u00eda demuestran que este modelo ser\u00e1 toda una emotiva declaraci\u00f3n de intenciones <strong>combinando un dise\u00f1o robusto y un espacio muy generoso<\/strong>.<\/p>\n<p><img loading=\"lazy\" decoding=\"async\" class=\"size-full wp-image-8268 alignright\" alt=\"skoda kodiaq\" src=\"https:\/\/www.sibuscascoche.com\/noticias\/wp-content\/uploads\/2016\/06\/Nuevo-Skoda-Kodiaq-Sibuscascoche-Interior.jpg\" width=\"300\" height=\"200\" \/><\/p>\n<p style=\"text-align: left;\"><strong>El exterior del \u0160koda Kodiaq apostar\u00e1 por un dise\u00f1o moderno, dando un paso adelante m\u00e1s en la renovaci\u00f3n de la l\u00ednea est\u00e9tica de los \u00faltimos modelos de la compa\u00f1\u00eda<\/strong>. En el prototipo de dise\u00f1o se muestra la claridad de sus l\u00edneas exteriores, precisas y afiladas, mientras que la l\u00ednea de cintura notablemente rebajada subraya su gran car\u00e1cter robusto.<\/p>\n<p style=\"text-align: left;\">Seg\u00fan el Jefe de Dise\u00f1o de \u0160koda, Jozef Kaba\u0148, la compa\u00f1\u00eda apuesta cada vez m\u00e1s por el poder emotivo de sus productos. Por ello, cada uno de los nuevos veh\u00edculos de la marca pretende contar una historia diferente. En este caso, <strong>el \u0160koda Kodiaq est\u00e1 inspirado en el tradicional arte checo del cristal<\/strong>. Esta caracter\u00edstica est\u00e1 presente en elementos como la interacci\u00f3n de luces y sombras as\u00ed como en la estructura cristalina de detalles como los faros delanteros o las franjas decorativas.<\/p>\n<p style=\"text-align: left;\"><strong>El interior del nuevo SUV checo mantiene el impactante dise\u00f1o del exterior<\/strong>. La armon\u00eda entre la forma y la funcionalidad siguen presentes en un interior protector y robusto con un elegante car\u00e1cter que impresiona. En \u00e9l aparecen poderosos elementos verticales, como las cuatro grandes tomas de aire caracter\u00edsticas de este nuevo modelo . La gran pantalla divide el panel de instrumentos en dos secciones iguales para el conductor y el pasajero.<\/p>\n<p style=\"text-align: left;\">En Europa, <strong>la gama de motores incluir\u00e1 tres de gasolina: dos 1,4 con 123CV y 148 CV<\/strong>, este \u00faltimo con un sistema de desactivaci\u00f3n de cilindros, y un<strong> TSI de 1,8 litros y 177 CV<\/strong>. <strong>La gama di\u00e9sel tendr\u00e1 dos motorizaciones: un TDI de 1,6 litros y 118 CV y otro TDI de 2.0 litros, con 148 CV<\/strong>. En un principio tambi\u00e9n est\u00e1 previsto que este modelo tenga una versi\u00f3n h\u00edbrida enchufable.<\/p>\n<p style=\"text-align: left;\">El \u0160koda Kodiaq celebrar\u00e1 su <strong>estreno mundial en septiembre<\/strong> y, aunque todav\u00eda no hay datos oficiales, se prev\u00e9 que su <strong>precio de entrada ronde los 24.000 euros<\/strong> \u00bfNo est\u00e1s deseando descubrir m\u00e1s secretos de esta obra de arte?<\/p>\n","protected":false},"excerpt":{"rendered":"<p>El nuevo SUV de la marca checa se deja ver poco a poco mientras avanza su producci\u00f3n. Los \u00faltimos datos que llegan desde la compa\u00f1\u00eda demuestran que este modelo ser\u00e1<\/p>\n","protected":false},"author":6,"featured_media":8266,"comment_status":"closed","ping_status":"open","sticky":false,"template":"","format":"standard","meta":{"footnotes":""},"categories":[1],"tags":[],"class_list":["post-8258","post","type-post","status-publish","format-standard","has-post-thumbnail","hentry","category-actualidad"],"_links":{"self":[{"href":"https:\/\/www.sibuscascoche.com\/noticias\/wp-json\/wp\/v2\/posts\/8258","targetHints":{"allow":["GET"]}}],"collection":[{"href":"https:\/\/www.sibuscascoche.com\/noticias\/wp-json\/wp\/v2\/posts"}],"about":[{"href":"https:\/\/www.sibuscascoche.com\/noticias\/wp-json\/wp\/v2\/types\/post"}],"author":[{"embeddable":true,"href":"https:\/\/www.sibuscascoche.com\/noticias\/wp-json\/wp\/v2\/users\/6"}],"replies":[{"embeddable":true,"href":"https:\/\/www.sibuscascoche.com\/noticias\/wp-json\/wp\/v2\/comments?post=8258"}],"version-history":[{"count":8,"href":"https:\/\/www.sibuscascoche.com\/noticias\/wp-json\/wp\/v2\/posts\/8258\/revisions"}],"predecessor-version":[{"id":8331,"href":"https:\/\/www.sibuscascoche.com\/noticias\/wp-json\/wp\/v2\/posts\/8258\/revisions\/8331"}],"wp:featuredmedia":[{"embeddable":true,"href":"https:\/\/www.sibuscascoche.com\/noticias\/wp-json\/wp\/v2\/media\/8266"}],"wp:attachment":[{"href":"https:\/\/www.sibuscascoche.com\/noticias\/wp-json\/wp\/v2\/media?parent=8258"}],"wp:term":[{"taxonomy":"category","embeddable":true,"href":"https:\/\/www.sibuscascoche.com\/noticias\/wp-json\/wp\/v2\/categories?post=8258"},{"taxonomy":"post_tag","embeddable":true,"href":"https:\/\/www.sibuscascoche.com\/noticias\/wp-json\/wp\/v2\/tags?post=8258"}],"curies":[{"name":"wp","href":"https:\/\/api.w.org\/{rel}","templated":true}]}}