{"id":8232,"date":"2016-07-08T16:54:25","date_gmt":"2016-07-08T14:54:25","guid":{"rendered":"https:\/\/www.sibuscascoche.com\/noticias\/?p=8232"},"modified":"2016-07-14T16:54:34","modified_gmt":"2016-07-14T14:54:34","slug":"skoda-atero","status":"publish","type":"post","link":"https:\/\/www.sibuscascoche.com\/noticias\/2016\/skoda-atero\/","title":{"rendered":"Skoda Atero y su equipo de 26 estudiantes"},"content":{"rendered":"<p style=\"text-align: left;\">Si no has o\u00eddo hablar de la academia Skoda te diremos que se trata de una escuela donde la firma checa imparte clases a los estudiantes interesados en el desarrollo de veh\u00edculos. Hace a\u00f1os que se mantiene en activo y ahora <strong>los estudiantes han desarrollado el Skoda Atero, un concept muy interesante y peculiar.<\/strong><\/p>\n<p style=\"text-align: left;\">Con 4,3 metros de longitud ha sido creado a partir del Rapid Spaceback. Comparte con el modelo el frontal y algunos elementos est\u00e9ticos pero los estudiantes han logrado diferenciarlo de forma notable gracias a la eliminaci\u00f3n de las puertas posteriores y la acusada ca\u00edda del techo.<\/p>\n<p style=\"text-align: left;\"><img loading=\"lazy\" decoding=\"async\" class=\"alignright size-full wp-image-8235\" alt=\"Skoda Atero\" src=\"https:\/\/www.sibuscascoche.com\/noticias\/wp-content\/uploads\/2016\/06\/interior-skoda-atero.jpg\" width=\"300\" height=\"200\" \/>Muchas horas de trabajo y dedicaci\u00f3n por parte de los estudiantes para conseguir que este proyecto saliera adelante. <strong>Se trata de un prototipo sin duda \u00fanico y equipado con un motor 1.4 TSI de gasolina que desarrolla los 125 CV de potencia<\/strong> y se combina con una transmisi\u00f3n de doble embrague con siete velocidades.<\/p>\n<p style=\"text-align: left;\"><strong>Cuenta con numerosos elementos llamativos como las llantas de aleaci\u00f3n de 18 pulgadas<\/strong> o la gran superficie acristalada. Adem\u00e1s tambi\u00e9n equipa un equipo de sonido con 400 vatios e iluminaci\u00f3n LED tanto al interior como al exterior y adhesivos decorativos en color rojo que aumentan esa sensaci\u00f3n de deportividad que ya lleva impregnada en el car\u00e1cter.<\/p>\n<p style=\"text-align: left;\">Pintado en color \u201cBlack Magic\u201d metalizado, los accesorios (alerones y umbrales) se presentan en color \u201cCorrida Red\u201d y al interior se crea una iluminaci\u00f3n roja transmitiendo una atm\u00f3sfera deportiva mientras que la luz LED a\u00f1ade ese punto de sofisticaci\u00f3n.<\/p>\n<p style=\"text-align: left;\">Para nuestra tristeza se trata de un concept y l\u00f3gicamente no pasar\u00e1 a producci\u00f3n sino que seguramente se fabrique una sola unidad que podr\u00e1 exponerse en diversos eventos de cara al p\u00fablico para poder valorar el buen trabajo de estos estudiantes tan aplicados.<\/p>\n","protected":false},"excerpt":{"rendered":"<p>Si no has o\u00eddo hablar de la academia Skoda te diremos que se trata de una escuela donde la firma checa imparte clases a los estudiantes interesados en el desarrollo<\/p>\n","protected":false},"author":1,"featured_media":8234,"comment_status":"closed","ping_status":"open","sticky":false,"template":"","format":"standard","meta":{"footnotes":""},"categories":[1],"tags":[983],"class_list":["post-8232","post","type-post","status-publish","format-standard","has-post-thumbnail","hentry","category-actualidad","tag-skoda-atero"],"_links":{"self":[{"href":"https:\/\/www.sibuscascoche.com\/noticias\/wp-json\/wp\/v2\/posts\/8232","targetHints":{"allow":["GET"]}}],"collection":[{"href":"https:\/\/www.sibuscascoche.com\/noticias\/wp-json\/wp\/v2\/posts"}],"about":[{"href":"https:\/\/www.sibuscascoche.com\/noticias\/wp-json\/wp\/v2\/types\/post"}],"author":[{"embeddable":true,"href":"https:\/\/www.sibuscascoche.com\/noticias\/wp-json\/wp\/v2\/users\/1"}],"replies":[{"embeddable":true,"href":"https:\/\/www.sibuscascoche.com\/noticias\/wp-json\/wp\/v2\/comments?post=8232"}],"version-history":[{"count":3,"href":"https:\/\/www.sibuscascoche.com\/noticias\/wp-json\/wp\/v2\/posts\/8232\/revisions"}],"predecessor-version":[{"id":8237,"href":"https:\/\/www.sibuscascoche.com\/noticias\/wp-json\/wp\/v2\/posts\/8232\/revisions\/8237"}],"wp:featuredmedia":[{"embeddable":true,"href":"https:\/\/www.sibuscascoche.com\/noticias\/wp-json\/wp\/v2\/media\/8234"}],"wp:attachment":[{"href":"https:\/\/www.sibuscascoche.com\/noticias\/wp-json\/wp\/v2\/media?parent=8232"}],"wp:term":[{"taxonomy":"category","embeddable":true,"href":"https:\/\/www.sibuscascoche.com\/noticias\/wp-json\/wp\/v2\/categories?post=8232"},{"taxonomy":"post_tag","embeddable":true,"href":"https:\/\/www.sibuscascoche.com\/noticias\/wp-json\/wp\/v2\/tags?post=8232"}],"curies":[{"name":"wp","href":"https:\/\/api.w.org\/{rel}","templated":true}]}}