{"id":8082,"date":"2016-07-14T16:57:05","date_gmt":"2016-07-14T14:57:05","guid":{"rendered":"https:\/\/www.sibuscascoche.com\/noticias\/?p=8082"},"modified":"2016-07-14T16:57:05","modified_gmt":"2016-07-14T14:57:05","slug":"que-son-donde-estan-radares-tramo","status":"publish","type":"post","link":"https:\/\/www.sibuscascoche.com\/noticias\/2016\/que-son-donde-estan-radares-tramo\/","title":{"rendered":"\u00bfQu\u00e9 son y d\u00f3nde est\u00e1n los radares de tramo?"},"content":{"rendered":"<p><span style=\"line-height: 1.5em;\">Seguramente ya has o\u00eddo hablar de los <strong>radares de tramo<\/strong> y es que, poco a poco, la DGT los est\u00e1 implantado por toda la pen\u00ednsula. Pero, \u00bfc\u00f3mo funcionan exactamente este tipo de radares? \u00bfd\u00f3nde est\u00e1n ubicados? Este sistema es relativamente nuevo y crea numerosas dudas en los conductores, as\u00ed que hoy los estudiamos a fondo.<\/span><\/p>\n<p><img loading=\"lazy\" decoding=\"async\" class=\"alignright size-full wp-image-8088\" alt=\"radar de tramo, coche barato\" src=\"https:\/\/www.sibuscascoche.com\/noticias\/wp-content\/uploads\/2016\/05\/radar-tramo.jpg\" width=\"300\" height=\"200\" \/>Un radar de tramo tiene <strong>dos dispositivos que se colocan separados<\/strong> a lo largo de una carretera sin desv\u00edos y sin cambios en el l\u00edmite de velocidad. Cada uno de estos dispositivos tiene<strong> una c\u00e1mara para cada carril<\/strong> todas est\u00e1n <strong>interconectadas<\/strong> entre s\u00ed. La primera c\u00e1mara graba la matricula y la segunda, al detectarla, <strong>calcula la velocidad media<\/strong> del veh\u00edculo en el recorrido y se conectan a un servidor que almacena todas las im\u00e1genes del infractor. \u00a0Poseen <strong>iluminaci\u00f3n l\u00e1ser-led<\/strong>, que aunque nosotros no podamos verla, les <strong>permite funcionar de noche<\/strong>.<\/p>\n<p>Actualmente, seg\u00fan las \u00faltimas informaciones que nos ha proporcionado la DGT, M\u00e1laga se sit\u00faa a la cabeza en radares de tramo, cuenta con cinco: tres en la A-7 y dos en la A-45, le sigue A Coru\u00f1a, con cuatro. Tambi\u00e9n cuentan con este tipo de radares Barcelona, Girona, Tarragona, Lleida, Lugo, Ourense, Le\u00f3n, Ja\u00e9n, Segovia, Zaragoza y Madrid.<\/p>\n<p>La ubicaci\u00f3n exacta de los<strong> radares de tramo gallegos<\/strong> es la siguiente:<\/p>\n<table class=\"table-bordered\">\n<thead>\n<tr>\n<th>Carretera<\/th>\n<th>Pronvicia<\/th>\n<th>Punto km inicio &#8211; fin<\/th>\n<th>Sentido<\/th>\n<\/tr>\n<\/thead>\n<tbody>\n<tr>\n<td>N-550<\/td>\n<td>A Coru\u00f1a<\/td>\n<td>54.627 &#8211; 56.116<\/td>\n<td>Creciente<\/td>\n<\/tr>\n<tr>\n<td>AG-64<\/td>\n<td>A Coru\u00f1a<\/td>\n<td>18.430 &#8211; 12.825<\/td>\n<td>Decreciente<\/td>\n<\/tr>\n<tr>\n<td>AP-9F<\/td>\n<td>A Coru\u00f1a<\/td>\n<td>29.935 &#8211; 31.137<\/td>\n<td>Creciente<\/td>\n<\/tr>\n<tr>\n<td>AG-55<\/td>\n<td>A Coru\u00f1a<\/td>\n<td>14.848 &#8211; 11.713<\/td>\n<td>Decreciente<\/td>\n<\/tr>\n<tr>\n<td>N-525<\/td>\n<td>Ourense<\/td>\n<td>242.248 &#8211; 245.985<\/td>\n<td>Creciente<\/td>\n<\/tr>\n<tr>\n<td>A-8<\/td>\n<td>Lugo<\/td>\n<td>549.550 &#8211; 540.300<\/td>\n<td>Decreciente<\/td>\n<\/tr>\n<\/tbody>\n<\/table>\n<p>Aunque generalmente este tipo de radares se colocan en carreteras secundarias, t\u00faneles o autopista con concentraci\u00f3n de accidentes en las \u00faltimas semanas Madrid ha instalado el <strong>primer radar de tramo en una v\u00eda urbana<\/strong> (comenz\u00f3 a funcionar este mes) y ha despertado, una vez m\u00e1s, la pol\u00e9mica seguridad-recaudaci\u00f3n que rodea a estos sistemas de control.<\/p>\n<p>Sea como fuere, parece que la DGT tiene claro que este tipo de radares son el futuro y, por lo tanto, que seguir\u00e1n aumentando, para disgusto de los bolsillos de aquellos que habitualmente incumplan las normas de circulaci\u00f3n (y de alg\u00fan que otro despistado).<\/p>\n","protected":false},"excerpt":{"rendered":"<p>Seguramente ya has o\u00eddo hablar de los radares de tramo y es que, poco a poco, la DGT los est\u00e1 implantado por toda la pen\u00ednsula. Pero, \u00bfc\u00f3mo funcionan exactamente este<\/p>\n","protected":false},"author":6,"featured_media":8087,"comment_status":"closed","ping_status":"open","sticky":false,"template":"","format":"standard","meta":{"footnotes":""},"categories":[1],"tags":[488,970],"class_list":["post-8082","post","type-post","status-publish","format-standard","has-post-thumbnail","hentry","category-actualidad","tag-radares","tag-radares-de-tramo"],"_links":{"self":[{"href":"https:\/\/www.sibuscascoche.com\/noticias\/wp-json\/wp\/v2\/posts\/8082","targetHints":{"allow":["GET"]}}],"collection":[{"href":"https:\/\/www.sibuscascoche.com\/noticias\/wp-json\/wp\/v2\/posts"}],"about":[{"href":"https:\/\/www.sibuscascoche.com\/noticias\/wp-json\/wp\/v2\/types\/post"}],"author":[{"embeddable":true,"href":"https:\/\/www.sibuscascoche.com\/noticias\/wp-json\/wp\/v2\/users\/6"}],"replies":[{"embeddable":true,"href":"https:\/\/www.sibuscascoche.com\/noticias\/wp-json\/wp\/v2\/comments?post=8082"}],"version-history":[{"count":6,"href":"https:\/\/www.sibuscascoche.com\/noticias\/wp-json\/wp\/v2\/posts\/8082\/revisions"}],"predecessor-version":[{"id":8372,"href":"https:\/\/www.sibuscascoche.com\/noticias\/wp-json\/wp\/v2\/posts\/8082\/revisions\/8372"}],"wp:featuredmedia":[{"embeddable":true,"href":"https:\/\/www.sibuscascoche.com\/noticias\/wp-json\/wp\/v2\/media\/8087"}],"wp:attachment":[{"href":"https:\/\/www.sibuscascoche.com\/noticias\/wp-json\/wp\/v2\/media?parent=8082"}],"wp:term":[{"taxonomy":"category","embeddable":true,"href":"https:\/\/www.sibuscascoche.com\/noticias\/wp-json\/wp\/v2\/categories?post=8082"},{"taxonomy":"post_tag","embeddable":true,"href":"https:\/\/www.sibuscascoche.com\/noticias\/wp-json\/wp\/v2\/tags?post=8082"}],"curies":[{"name":"wp","href":"https:\/\/api.w.org\/{rel}","templated":true}]}}