{"id":7954,"date":"2016-05-20T13:15:43","date_gmt":"2016-05-20T11:15:43","guid":{"rendered":"https:\/\/www.sibuscascoche.com\/noticias\/?p=7954"},"modified":"2016-05-22T13:15:52","modified_gmt":"2016-05-22T11:15:52","slug":"audi-moderniza-audi-a6-audi-a7","status":"publish","type":"post","link":"https:\/\/www.sibuscascoche.com\/noticias\/2016\/audi-moderniza-audi-a6-audi-a7\/","title":{"rendered":"Audi moderniza sus A6 y A7"},"content":{"rendered":"<p><span style=\"line-height: 1.5em;\">A lo largo de su historia Audi se ha caracterizado por la innovaci\u00f3n en sus modelos y la incorporaci\u00f3n de la <\/span><b style=\"line-height: 1.5em;\">m\u00e1s moderna tecnolog\u00eda<\/b><span style=\"line-height: 1.5em;\"> para ofrecer al conductor una experiencia \u00fanica al volante. Como parece que en la marca alemana no son capaces de estarse quietos, ahora nos presentan la versi\u00f3n renovada de <\/span><b style=\"line-height: 1.5em;\">dos de sus modelos m\u00e1s imponentes<\/b><span style=\"line-height: 1.5em;\">\u00a0\u00bfQuieres conocer que nos ofrecen los nuevos Audi<\/span><b style=\"line-height: 1.5em;\">A6<\/b><span style=\"line-height: 1.5em;\"> y <\/span><b style=\"line-height: 1.5em;\">A7<\/b><span style=\"line-height: 1.5em;\">?<\/span><\/p>\n<p><img loading=\"lazy\" decoding=\"async\" class=\"alignright size-full wp-image-7957\" alt=\"audi a6, coche barato, coche segunda mano\" src=\"https:\/\/www.sibuscascoche.com\/noticias\/wp-content\/uploads\/2016\/05\/nuevo-a7.jpg\" width=\"300\" height=\"200\" \/>En los \u00faltimos a\u00f1os la conectividad se ha transformado en un elemento fundamental para todos, por eso, desde la marca alemana no quieren que nos sintamos \u201cdesconectados\u201d en nuestro coche. Buscando nuestra mayor comodidad las nuevas versiones del A6 y A7 incluyen el <b>Audi smartphone interface<\/b> con el que podremos visualizar en el <b>monitor MMI<\/b> las principales funcionalidades de nuestro tel\u00e9fono. \u00bfCu\u00e1ntas veces te has quedado sin bater\u00eda al volante sin tener el cargador del m\u00f3vil contigo? Este problema tiene los d\u00edas contados con los nuevos modelos de la marca alemana, que incorporan la <b>Audi phone box,<\/b> gracias a la que podremos <b>cargar nuestro smartphone de forma inal\u00e1mbrica<\/b> \u00bfno te parece una gran noticia?<\/p>\n<p>Las novedades de los nuevos Audi no residen \u00fanicamente en la conectividad. El exterior se ve mejorado con la incorporaci\u00f3n de <b>dos nuevos colores<\/b> como son el verde Gotland y el rojo Marte, que sumados a la ya amplia gama de colores de la marca conseguir\u00e1n satisfacer los gustos de todos los conductores. En el <b>A6<\/b> tambi\u00e9n nos encontramos con grandes novedades est\u00e9ticas que le otorgan un <b>aspecto m\u00e1s deportivo<\/b>, como las <b>formas m\u00e1s angulosas<\/b> que incorporan el paragolpes trasero y los estribos laterales. Adem\u00e1s, con el paquete opcional S line se incorpora una nueva parrilla delantera y unas barras cromadas que marcan las tomas de aire de la bestia alemana.<\/p>\n<p>Si despu\u00e9s de esto quieres hacerte con una de las nuevas versiones del Audi A6 o A7 debes saber que las primeras unidades <b>se entregar\u00e1n este mismo verano<\/b>\u00a0\u00bfYa est\u00e1s en tu concesionario reserv\u00e1ndolo?<\/p>\n","protected":false},"excerpt":{"rendered":"<p>A lo largo de su historia Audi se ha caracterizado por la innovaci\u00f3n en sus modelos y la incorporaci\u00f3n de la m\u00e1s moderna tecnolog\u00eda para ofrecer al conductor una experiencia<\/p>\n","protected":false},"author":6,"featured_media":7956,"comment_status":"closed","ping_status":"open","sticky":false,"template":"","format":"standard","meta":{"footnotes":""},"categories":[1],"tags":[942,943],"class_list":["post-7954","post","type-post","status-publish","format-standard","has-post-thumbnail","hentry","category-actualidad","tag-audi-a6","tag-audi-a7"],"_links":{"self":[{"href":"https:\/\/www.sibuscascoche.com\/noticias\/wp-json\/wp\/v2\/posts\/7954","targetHints":{"allow":["GET"]}}],"collection":[{"href":"https:\/\/www.sibuscascoche.com\/noticias\/wp-json\/wp\/v2\/posts"}],"about":[{"href":"https:\/\/www.sibuscascoche.com\/noticias\/wp-json\/wp\/v2\/types\/post"}],"author":[{"embeddable":true,"href":"https:\/\/www.sibuscascoche.com\/noticias\/wp-json\/wp\/v2\/users\/6"}],"replies":[{"embeddable":true,"href":"https:\/\/www.sibuscascoche.com\/noticias\/wp-json\/wp\/v2\/comments?post=7954"}],"version-history":[{"count":4,"href":"https:\/\/www.sibuscascoche.com\/noticias\/wp-json\/wp\/v2\/posts\/7954\/revisions"}],"predecessor-version":[{"id":8006,"href":"https:\/\/www.sibuscascoche.com\/noticias\/wp-json\/wp\/v2\/posts\/7954\/revisions\/8006"}],"wp:featuredmedia":[{"embeddable":true,"href":"https:\/\/www.sibuscascoche.com\/noticias\/wp-json\/wp\/v2\/media\/7956"}],"wp:attachment":[{"href":"https:\/\/www.sibuscascoche.com\/noticias\/wp-json\/wp\/v2\/media?parent=7954"}],"wp:term":[{"taxonomy":"category","embeddable":true,"href":"https:\/\/www.sibuscascoche.com\/noticias\/wp-json\/wp\/v2\/categories?post=7954"},{"taxonomy":"post_tag","embeddable":true,"href":"https:\/\/www.sibuscascoche.com\/noticias\/wp-json\/wp\/v2\/tags?post=7954"}],"curies":[{"name":"wp","href":"https:\/\/api.w.org\/{rel}","templated":true}]}}