{"id":795,"date":"2013-11-04T16:38:28","date_gmt":"2013-11-04T15:38:28","guid":{"rendered":"https:\/\/www.sibuscascoche.com\/noticias\/?p=795"},"modified":"2013-11-04T16:52:05","modified_gmt":"2013-11-04T15:52:05","slug":"llega-caroutlet-vigo-2013","status":"publish","type":"post","link":"https:\/\/www.sibuscascoche.com\/noticias\/2013\/llega-caroutlet-vigo-2013\/","title":{"rendered":"Llega Caroutlet Vigo 2013"},"content":{"rendered":"<p style=\"text-align: justify;\">Entre el 29 de noviembre y el 1 de diciembre, el Sal\u00f3n del Autom\u00f3vil de Vigo (IFEVI) acoger\u00e1 Caroutlet Vigo 2013 (Motorocasi\u00f3n), certamen en el que estar\u00e1n presentes pr\u00e1cticamente la totalidad de los concesionarios oficiales de la ciudad.<\/p>\n<p style=\"text-align: justify;\"><img loading=\"lazy\" decoding=\"async\" class=\"alignright size-full wp-image-796\" alt=\"Caroutlet Vigo | Sibuscascoche\" src=\"https:\/\/www.sibuscascoche.com\/noticias\/wp-content\/uploads\/2013\/11\/interior_caroutlet.jpg\" width=\"212\" height=\"300\" \/>Esto supone una garant\u00eda de calidad de los productos ofertados, as\u00ed como la posibilidad de recibir una atenci\u00f3n personalizada. Adem\u00e1s, y para aprovechar la inminente finalizaci\u00f3n del ejercicio 2013, ser\u00e1n muchos los expositores que ofrecer\u00e1n grandes descuentos con el prop\u00f3sito de aumentar sus cifras de ventas este a\u00f1o.<\/p>\n<p style=\"text-align: justify;\">Caroutlet Vigo 2013 permanecer\u00e1 abierto el viernes 29 de noviembre de 16 a 21 horas, mientras el s\u00e1bado 30 y el domingo 1 de diciembre lo har\u00e1 de 11 a 21, en horario ininterrumpido.<\/p>\n<p style=\"text-align: justify;\">El precio de la entrada para los visitantes ser\u00e1 de 2 euros, aunque si vas acompa\u00f1ado de ni\u00f1os, te interesa saber que estos no pagan hasta los 10 a\u00f1os. Precisamente, Caroutlet Vigo 2013 donar\u00e1 el 50% de la recaudaci\u00f3n de la taquilla a mejorar la calidad de vida de los ni\u00f1os que ayuda la ONG Aldeas Infantiles SOS.<\/p>\n","protected":false},"excerpt":{"rendered":"<p>Entre el 29 de noviembre y el 1 de diciembre, el Sal\u00f3n del Autom\u00f3vil de Vigo (IFEVI) acoger\u00e1 Caroutlet Vigo 2013 (Motorocasi\u00f3n), certamen en el que estar\u00e1n presentes pr\u00e1cticamente la<\/p>\n","protected":false},"author":1,"featured_media":797,"comment_status":"closed","ping_status":"open","sticky":false,"template":"","format":"standard","meta":{"footnotes":""},"categories":[9],"tags":[134,135,136],"class_list":["post-795","post","type-post","status-publish","format-standard","has-post-thumbnail","hentry","category-eventos","tag-caroutlet","tag-coche-ocasion","tag-vigo"],"_links":{"self":[{"href":"https:\/\/www.sibuscascoche.com\/noticias\/wp-json\/wp\/v2\/posts\/795","targetHints":{"allow":["GET"]}}],"collection":[{"href":"https:\/\/www.sibuscascoche.com\/noticias\/wp-json\/wp\/v2\/posts"}],"about":[{"href":"https:\/\/www.sibuscascoche.com\/noticias\/wp-json\/wp\/v2\/types\/post"}],"author":[{"embeddable":true,"href":"https:\/\/www.sibuscascoche.com\/noticias\/wp-json\/wp\/v2\/users\/1"}],"replies":[{"embeddable":true,"href":"https:\/\/www.sibuscascoche.com\/noticias\/wp-json\/wp\/v2\/comments?post=795"}],"version-history":[{"count":5,"href":"https:\/\/www.sibuscascoche.com\/noticias\/wp-json\/wp\/v2\/posts\/795\/revisions"}],"predecessor-version":[{"id":799,"href":"https:\/\/www.sibuscascoche.com\/noticias\/wp-json\/wp\/v2\/posts\/795\/revisions\/799"}],"wp:featuredmedia":[{"embeddable":true,"href":"https:\/\/www.sibuscascoche.com\/noticias\/wp-json\/wp\/v2\/media\/797"}],"wp:attachment":[{"href":"https:\/\/www.sibuscascoche.com\/noticias\/wp-json\/wp\/v2\/media?parent=795"}],"wp:term":[{"taxonomy":"category","embeddable":true,"href":"https:\/\/www.sibuscascoche.com\/noticias\/wp-json\/wp\/v2\/categories?post=795"},{"taxonomy":"post_tag","embeddable":true,"href":"https:\/\/www.sibuscascoche.com\/noticias\/wp-json\/wp\/v2\/tags?post=795"}],"curies":[{"name":"wp","href":"https:\/\/api.w.org\/{rel}","templated":true}]}}