{"id":7900,"date":"2016-05-20T13:14:12","date_gmt":"2016-05-20T11:14:12","guid":{"rendered":"https:\/\/www.sibuscascoche.com\/noticias\/?p=7900"},"modified":"2016-05-22T13:14:23","modified_gmt":"2016-05-22T11:14:23","slug":"porsche-gt3-rs-4-2-realidad-ficcion","status":"publish","type":"post","link":"https:\/\/www.sibuscascoche.com\/noticias\/2016\/porsche-gt3-rs-4-2-realidad-ficcion\/","title":{"rendered":"Porsche GT3 RS 4.2 \u00bfrealidad o ficci\u00f3n?"},"content":{"rendered":"<p>Corren rumores de que<strong> Porsche prepara una sorpresa<\/strong> que presentar\u00e1 el pr\u00f3ximo a\u00f1o \u00bfser\u00e1 cierto? Por si acaso y para que no te pierdas nada, te mostramos la <strong>informaci\u00f3n de la que disponemos<\/strong>. El modelo en cuesti\u00f3n ha sido cazado recientemente en <strong>fotos esp\u00eda<\/strong> haciendo pruebas en N\u00fcrburgring y ser\u00eda una <strong>evoluci\u00f3n del Porsche GT3 RS 4.0<\/strong>.<\/p>\n<p><img loading=\"lazy\" decoding=\"async\" class=\"alignright size-full wp-image-7901\" alt=\"Porsche 911 GT RS, coche ocasi\u00f3n, coche segunda mano\" src=\"https:\/\/www.sibuscascoche.com\/noticias\/wp-content\/uploads\/2016\/05\/porsche-911.jpg\" width=\"300\" height=\"200\" \/>El nombre que se baraja es <strong>Porsche GT3 RS 4.2<\/strong>, que har\u00eda referencia a un <strong>nuevo propulsor b\u00f3xer de 4.2 litros<\/strong>, la <strong>potencia<\/strong> actual del modelo es de <strong>500 Cv<\/strong> y con esta mejora podr\u00eda <strong>aumentarla unos 30 CV<\/strong>. Aunque est\u00e9ticamente nos parece similar es realmente dif\u00edcil saber si finalmente ser\u00e1 as\u00ed, ya que estos prototipos salen camuflados a hacer las pruebas en circuito o no se testean con todas sus novedades est\u00e9ticas colocadas. Se cree que el <strong>principal cambio est\u00e9tico estar\u00e1 situado en la parte central<\/strong>, en el <strong>paragolpes delantero<\/strong>, que mostrar\u00e1 <strong>l\u00edneas m\u00e1s marcadas y agresivas<\/strong>. Por otro lado, se habla tambi\u00e9n de la posibilidad de que el <strong>tama\u00f1o del aler\u00f3n se incremente<\/strong>, aunque en la actualidad ya es de los m\u00e1s grandes del mercado.<\/p>\n<p>En este tipo de coches deportivos el peso es una obsesi\u00f3n, por eso, la marca alemana habr\u00eda optado por <strong>suprimir determinados elementos<\/strong> y hacer este 911 todav\u00eda m\u00e1s r\u00e1pido, se habla de la <strong>eliminaci\u00f3n de los asientos traseros o de los paneles de las puertas<\/strong>. En las fotos tambi\u00e9n puede apreciarse la jaula de seguridad con la que ya contaba el modelo anterior.<\/p>\n<p>Todav\u00eda quedan muchas dudas por resolver \u00bfse lanzar\u00e1 finalmente al mercado? \u00bfSustituir\u00e1 al actual 911 GT3 RS? De ser as\u00ed la <strong>presentaci\u00f3n podr\u00eda estar prevista para el pr\u00f3ximo a\u00f1o<\/strong> y solo en ese momento podremos confirmar si todas nuestras especulaciones resultaron ciertas \u00a1Estamos deseando averiguarlo!<\/p>\n","protected":false},"excerpt":{"rendered":"<p>Corren rumores de que Porsche prepara una sorpresa que presentar\u00e1 el pr\u00f3ximo a\u00f1o \u00bfser\u00e1 cierto? Por si acaso y para que no te pierdas nada, te mostramos la informaci\u00f3n de<\/p>\n","protected":false},"author":6,"featured_media":7902,"comment_status":"closed","ping_status":"open","sticky":false,"template":"","format":"standard","meta":{"footnotes":""},"categories":[8],"tags":[834,931],"class_list":["post-7900","post","type-post","status-publish","format-standard","has-post-thumbnail","hentry","category-lanzamientos","tag-porsche-911","tag-porsche-911-gt3-rs"],"_links":{"self":[{"href":"https:\/\/www.sibuscascoche.com\/noticias\/wp-json\/wp\/v2\/posts\/7900","targetHints":{"allow":["GET"]}}],"collection":[{"href":"https:\/\/www.sibuscascoche.com\/noticias\/wp-json\/wp\/v2\/posts"}],"about":[{"href":"https:\/\/www.sibuscascoche.com\/noticias\/wp-json\/wp\/v2\/types\/post"}],"author":[{"embeddable":true,"href":"https:\/\/www.sibuscascoche.com\/noticias\/wp-json\/wp\/v2\/users\/6"}],"replies":[{"embeddable":true,"href":"https:\/\/www.sibuscascoche.com\/noticias\/wp-json\/wp\/v2\/comments?post=7900"}],"version-history":[{"count":5,"href":"https:\/\/www.sibuscascoche.com\/noticias\/wp-json\/wp\/v2\/posts\/7900\/revisions"}],"predecessor-version":[{"id":7909,"href":"https:\/\/www.sibuscascoche.com\/noticias\/wp-json\/wp\/v2\/posts\/7900\/revisions\/7909"}],"wp:featuredmedia":[{"embeddable":true,"href":"https:\/\/www.sibuscascoche.com\/noticias\/wp-json\/wp\/v2\/media\/7902"}],"wp:attachment":[{"href":"https:\/\/www.sibuscascoche.com\/noticias\/wp-json\/wp\/v2\/media?parent=7900"}],"wp:term":[{"taxonomy":"category","embeddable":true,"href":"https:\/\/www.sibuscascoche.com\/noticias\/wp-json\/wp\/v2\/categories?post=7900"},{"taxonomy":"post_tag","embeddable":true,"href":"https:\/\/www.sibuscascoche.com\/noticias\/wp-json\/wp\/v2\/tags?post=7900"}],"curies":[{"name":"wp","href":"https:\/\/api.w.org\/{rel}","templated":true}]}}