{"id":7856,"date":"2016-04-29T16:30:57","date_gmt":"2016-04-29T14:30:57","guid":{"rendered":"https:\/\/www.sibuscascoche.com\/noticias\/?p=7856"},"modified":"2016-04-29T16:30:57","modified_gmt":"2016-04-29T14:30:57","slug":"conoces-a8-mas-largo-historia","status":"publish","type":"post","link":"https:\/\/www.sibuscascoche.com\/noticias\/2016\/conoces-a8-mas-largo-historia\/","title":{"rendered":"\u00bfConoces el A8 m\u00e1s largo de la historia?"},"content":{"rendered":"<p><span style=\"line-height: 1.5em;\">Audi se ha caracterizado a lo largo de su historia por su exclusividad y el mimo con el que siempre trata a sus clientes, por eso desde la marca alemana siempre tienen <\/span><b style=\"line-height: 1.5em;\">una soluci\u00f3n para nuestras necesidades<\/b><span style=\"line-height: 1.5em;\">. De la adaptaci\u00f3n a los clientes ha nacido el A8 L extended, \u00bfquieres saber qu\u00e9 tiene de especial el nuevo coche alem\u00e1n?<\/span><\/p>\n<p><img loading=\"lazy\" decoding=\"async\" class=\"alignright size-full wp-image-7838\" alt=\"a8 L, coche segunda mano\" src=\"https:\/\/www.sibuscascoche.com\/noticias\/wp-content\/uploads\/2016\/04\/a8-l.jpg\" width=\"300\" height=\"200\" \/>La \u00faltima apuesta de Audi se basa en el caracter\u00edstico modelo A8, pero superando la longitud de este en <b>algo m\u00e1s de un metro<\/b>. Se trata de una versi\u00f3n perfecta para su uso como coche de representaci\u00f3n, siendo un modelo <b>c\u00f3modo y espacioso<\/b> que puede albergar hasta seis ocupantes.<\/p>\n<p>La elaboraci\u00f3n del <b>A8 L extended<\/b> fue un duro trabajo para los t\u00e9cnicos especialistas de la marca alemana, que los mantuvo ocupados durante <b>casi un a\u00f1o<\/b>. El nuevo Audi se caracteriza por una carrocer\u00eda que se basa en la <b>utilizaci\u00f3n del aluminio y la incorporaci\u00f3n de refuerzos<\/b> para aumentar la resistencia y mejorar la seguridad de un coche de nada m\u00e1s y nada menos que <b>6,36 metros<\/b>. Esta berlina tambi\u00e9n destaca por su peso, con <b>tan s\u00f3lo 2.418 kilogramos<\/b> y el <b>panel acristalado en el techo de 2,40 metros<\/b> y que har\u00e1 las delicias de los ocupantes en los d\u00edas despejados.<\/p>\n<p>Uno de los elementos fundamentales en un coche de este tipo se encuentra bajo el cap\u00f3, donde este Audi presenta un <b>motor 3.0 TFSI de 310 CV<\/b>, que se une a una <b>transmisi\u00f3n tiptronic de ocho velocidades<\/b> que aumentan nuestra comodidad al unirse al <b>sistema quattro de tracci\u00f3n permanente<\/b>. Una \u00faltima novedad del Audi A8 L extended es la utilizaci\u00f3n de los <b>frenos de la versi\u00f3n S8<\/b>, con los que se consigue una mejor deceleraci\u00f3n para un coche de estas dimensiones.<\/p>\n<p>\u00bfQu\u00e9 opinas del nuevo gigante alem\u00e1n? Desde Audi informan de que la fabricaci\u00f3n de este modelo se hace bajo encarga, as\u00ed que si necesitas un coche de representaci\u00f3n esta puede ser una buena opci\u00f3n para ti.<\/p>\n","protected":false},"excerpt":{"rendered":"<p>Audi se ha caracterizado a lo largo de su historia por su exclusividad y el mimo con el que siempre trata a sus clientes, por eso desde la marca alemana<\/p>\n","protected":false},"author":6,"featured_media":7837,"comment_status":"closed","ping_status":"open","sticky":false,"template":"","format":"standard","meta":{"footnotes":""},"categories":[8],"tags":[922,14],"class_list":["post-7856","post","type-post","status-publish","format-standard","has-post-thumbnail","hentry","category-lanzamientos","tag-a8-l-extended","tag-audi-a8"],"_links":{"self":[{"href":"https:\/\/www.sibuscascoche.com\/noticias\/wp-json\/wp\/v2\/posts\/7856","targetHints":{"allow":["GET"]}}],"collection":[{"href":"https:\/\/www.sibuscascoche.com\/noticias\/wp-json\/wp\/v2\/posts"}],"about":[{"href":"https:\/\/www.sibuscascoche.com\/noticias\/wp-json\/wp\/v2\/types\/post"}],"author":[{"embeddable":true,"href":"https:\/\/www.sibuscascoche.com\/noticias\/wp-json\/wp\/v2\/users\/6"}],"replies":[{"embeddable":true,"href":"https:\/\/www.sibuscascoche.com\/noticias\/wp-json\/wp\/v2\/comments?post=7856"}],"version-history":[{"count":3,"href":"https:\/\/www.sibuscascoche.com\/noticias\/wp-json\/wp\/v2\/posts\/7856\/revisions"}],"predecessor-version":[{"id":7892,"href":"https:\/\/www.sibuscascoche.com\/noticias\/wp-json\/wp\/v2\/posts\/7856\/revisions\/7892"}],"wp:featuredmedia":[{"embeddable":true,"href":"https:\/\/www.sibuscascoche.com\/noticias\/wp-json\/wp\/v2\/media\/7837"}],"wp:attachment":[{"href":"https:\/\/www.sibuscascoche.com\/noticias\/wp-json\/wp\/v2\/media?parent=7856"}],"wp:term":[{"taxonomy":"category","embeddable":true,"href":"https:\/\/www.sibuscascoche.com\/noticias\/wp-json\/wp\/v2\/categories?post=7856"},{"taxonomy":"post_tag","embeddable":true,"href":"https:\/\/www.sibuscascoche.com\/noticias\/wp-json\/wp\/v2\/tags?post=7856"}],"curies":[{"name":"wp","href":"https:\/\/api.w.org\/{rel}","templated":true}]}}