{"id":7811,"date":"2016-06-17T13:53:22","date_gmt":"2016-06-17T11:53:22","guid":{"rendered":"https:\/\/www.sibuscascoche.com\/noticias\/?p=7811"},"modified":"2016-06-22T13:53:29","modified_gmt":"2016-06-22T11:53:29","slug":"obligatorio-pegatina-indicar-contamina-coche-ocasion","status":"publish","type":"post","link":"https:\/\/www.sibuscascoche.com\/noticias\/2016\/obligatorio-pegatina-indicar-contamina-coche-ocasion\/","title":{"rendered":"Ser\u00e1 obligatorio indicar lo que contamina tu coche"},"content":{"rendered":"<p><span style=\"line-height: 1.5em;\">\u00bfSab\u00edas que muy pronto tendr\u00e1s que colocar una nueva pegatina en tu coche? Para mejorar la gesti\u00f3n de la movilidad por parte de los municipios y para proteger el medio ambiente, dentro de muy poco aparecer\u00e1 un <\/span><b style=\"line-height: 1.5em;\">nuevo sistema de etiquetas<\/b><span style=\"line-height: 1.5em;\"> que beneficiar\u00e1 a los <\/span><b style=\"line-height: 1.5em;\">coches menos contaminantes<\/b><span style=\"line-height: 1.5em;\">. \u00bfQuieres saber a qu\u00e9 categor\u00eda pertenece tu coche?<\/span><\/p>\n<p>La nueva medida de la DGT para clasificar los coches en funci\u00f3n de su grado de emisiones contaminantes, los divide en <b>cuatro categor\u00edas<\/b>, que te mostraremos comenzando por la m\u00e1s contaminante:<\/p>\n<ul>\n<li><b><img loading=\"lazy\" decoding=\"async\" class=\"alignright size-full wp-image-7795\" alt=\"pegatina-ecologica\" src=\"https:\/\/www.sibuscascoche.com\/noticias\/wp-content\/uploads\/2016\/04\/pegatina-ecologica.jpg\" width=\"300\" height=\"200\" \/>Categor\u00eda B<\/b>: los coches y furgonetas ligeras gasolina, matriculados a partir de <b>enero del 2000<\/b> y <b>di\u00e9sel a partir de 2006,\u00a0<\/b>adem\u00e1s de los coches de m\u00e1s de 8 plazas y mercanc\u00edas matriculados a partir de 2005. Todos estos coches se identificar\u00e1n con una <b>pegatina amarilla<\/b>.<\/li>\n<li><b>Categor\u00eda C<\/b>: se identifica con una <b>pegatina verde<\/b> e incluye los turismos y furgonetas ligeras a <b>gasolina<\/b> posteriores a enero del <b>2006<\/b> y <b>di\u00e9sel matriculados a partir de 2014<\/b>. En este grupo tambi\u00e9n se incluyen los coches de m\u00e1s de 8 plazas y mercanc\u00edas matriculados a partir del a\u00f1o 2014.<\/li>\n<li><b>ECO<\/b>: es la segunda categor\u00eda menos contaminante, identificada con una <b>pegatina azul y verde<\/b>, que engloba todos los tipos de coche de las anteriores categor\u00edas que aparezcan en el Registro de Veh\u00edculos como <b>h\u00edbridos enchufables<\/b> con <b>menos de 40 kil\u00f3metros de autonom\u00eda<\/b>, los h\u00edbridos <b>no enchufables<\/b>, los propulsados por <b>gas natural<\/b> o por <b>gas licuado del petr\u00f3leo<\/b>.<\/li>\n<li><b>Cero emisiones<\/b>: llevar\u00e1n un <b>distintivo azul,<\/b> con \u00e9l reconoceremos los coches, ciclomotores o veh\u00edculos de transporte de mercanc\u00edas registrados en la DGT como coches <b>el\u00e9ctricos de bater\u00eda<\/b>, coches <b>el\u00e9ctricos de autonom\u00eda extendida<\/b>, coches el\u00e9ctricos <b>h\u00edbridos enchufables<\/b> con una autonom\u00eda de m\u00e1s de 40 km o coches de <b>pila de combustible<\/b>.<\/li>\n<\/ul>\n<p>Estas son las categor\u00edas iniciales, ya que la medida es todav\u00eda muy reciente, la idea de la DGT es ir ampliando las categor\u00edas hasta tener etiquetado a todo el parque m\u00f3vil de nuestro pa\u00eds.<\/p>\n<p>\u00bfEn qu\u00e9 categor\u00eda se encuentra tu coche? La DGT comenzar\u00e1 a enviar en breve las pegatinas que tendremos que poner en nuestro coche, pero si estabas pensando en <b>cambiar de coche<\/b> quiz\u00e1s este sea un buen momento para hacerte con un nuevo amigo <b>menos contaminante<\/b>, gracias a las ayudas para la compra de coches respetuosos con el medio ambiente, como el <span style=\"color: #0000ff;\"><a title=\"\u00bfPensando en un coche ecol\u00f3gico? \u00a1Plan MOVEA!\" href=\"https:\/\/www.sibuscascoche.com\/noticias\/2016\/pensando-comprar-coche-ecologico-plan-movea\/\"><span style=\"color: #0000ff;\">Plan MOVEA<\/span><\/a><\/span>.<\/p>\n","protected":false},"excerpt":{"rendered":"<p>\u00bfSab\u00edas que muy pronto tendr\u00e1s que colocar una nueva pegatina en tu coche? Para mejorar la gesti\u00f3n de la movilidad por parte de los municipios y para proteger el medio<\/p>\n","protected":false},"author":6,"featured_media":7794,"comment_status":"closed","ping_status":"open","sticky":false,"template":"","format":"standard","meta":{"footnotes":""},"categories":[1],"tags":[916,915],"class_list":["post-7811","post","type-post","status-publish","format-standard","has-post-thumbnail","hentry","category-actualidad","tag-indicar-contaminacion-coche","tag-pegatinas-parabrisas"],"_links":{"self":[{"href":"https:\/\/www.sibuscascoche.com\/noticias\/wp-json\/wp\/v2\/posts\/7811","targetHints":{"allow":["GET"]}}],"collection":[{"href":"https:\/\/www.sibuscascoche.com\/noticias\/wp-json\/wp\/v2\/posts"}],"about":[{"href":"https:\/\/www.sibuscascoche.com\/noticias\/wp-json\/wp\/v2\/types\/post"}],"author":[{"embeddable":true,"href":"https:\/\/www.sibuscascoche.com\/noticias\/wp-json\/wp\/v2\/users\/6"}],"replies":[{"embeddable":true,"href":"https:\/\/www.sibuscascoche.com\/noticias\/wp-json\/wp\/v2\/comments?post=7811"}],"version-history":[{"count":7,"href":"https:\/\/www.sibuscascoche.com\/noticias\/wp-json\/wp\/v2\/posts\/7811\/revisions"}],"predecessor-version":[{"id":8241,"href":"https:\/\/www.sibuscascoche.com\/noticias\/wp-json\/wp\/v2\/posts\/7811\/revisions\/8241"}],"wp:featuredmedia":[{"embeddable":true,"href":"https:\/\/www.sibuscascoche.com\/noticias\/wp-json\/wp\/v2\/media\/7794"}],"wp:attachment":[{"href":"https:\/\/www.sibuscascoche.com\/noticias\/wp-json\/wp\/v2\/media?parent=7811"}],"wp:term":[{"taxonomy":"category","embeddable":true,"href":"https:\/\/www.sibuscascoche.com\/noticias\/wp-json\/wp\/v2\/categories?post=7811"},{"taxonomy":"post_tag","embeddable":true,"href":"https:\/\/www.sibuscascoche.com\/noticias\/wp-json\/wp\/v2\/tags?post=7811"}],"curies":[{"name":"wp","href":"https:\/\/api.w.org\/{rel}","templated":true}]}}