{"id":7630,"date":"2016-04-01T11:18:22","date_gmt":"2016-04-01T09:18:22","guid":{"rendered":"https:\/\/www.sibuscascoche.com\/noticias\/?p=7630"},"modified":"2016-04-08T11:18:47","modified_gmt":"2016-04-08T09:18:47","slug":"skoda-redgrey","status":"publish","type":"post","link":"https:\/\/www.sibuscascoche.com\/noticias\/2016\/skoda-redgrey\/","title":{"rendered":"Skoda red&#038;Grey"},"content":{"rendered":"<p><strong>La deportividad llega a la casa Skoda de la mano del pack Skoda Red &amp; Grey<\/strong> para el Skoda Fabia Combi y el Spaceback. Un paso m\u00e1s all\u00e1 tanto a nivel de dise\u00f1o como de deportividad que queda patente especialmente al exterior gracias a<strong> dos franjas en color rojo y gris que recorren por completo la parte superior del veh\u00edculo.<\/strong> Distingui\u00e9ndose a la perfecci\u00f3n, dan un toque exclusivo a este modelo tan m\u00edtico de la casa. Adem\u00e1s lo acompa\u00f1an otros elementos muy interesantes en lo que respecta a equipamiento.<\/p>\n<p style=\"text-align: left;\"><img loading=\"lazy\" decoding=\"async\" class=\"alignright size-full wp-image-7632\" alt=\"coches ocasi\u00f3n \" src=\"https:\/\/www.sibuscascoche.com\/noticias\/wp-content\/uploads\/2016\/03\/interior-skoda-fabia.jpg\" width=\"300\" height=\"200\" \/><strong>La carrocer\u00eda podr\u00e1 ser en color blanco o negro.<\/strong> Y para los Skoda Fabia y Fabia Combi, la versi\u00f3n Red &amp; Grey a\u00f1ade otros elementos como las llantas de aleaci\u00f3n de 15 pulgadas o las luces diurnas LED as\u00ed como los antiniebla delanteros. Para el caso del Spaceback Red&amp;Grey las llantas son de 17 pulgadas.<\/p>\n<p style=\"text-align: left;\">Para los dos modelos, este nuevo pack se asocia al acabado Ambition y se comercializa en exclusiva para los colores Blanco Candy, Blanco L\u00e1ser, Blanco Luna y Negro M\u00e1gico. <strong>Con esto Skoda ofrece una imagen m\u00e1s juvenil, atractiva y personalizada<\/strong> para sucumbir ante todos aquellos que busquen conducir un veh\u00edculo que luzca de una forma \u00fanica y especial frente al resto.<\/p>\n<p style=\"text-align: left;\">\u00bfLo conseguir\u00e1?<\/p>\n<p style=\"text-align: left;\">\n","protected":false},"excerpt":{"rendered":"<p>La deportividad llega a la casa Skoda de la mano del pack Skoda Red &amp; Grey para el Skoda Fabia Combi y el Spaceback. Un paso m\u00e1s all\u00e1 tanto a<\/p>\n","protected":false},"author":1,"featured_media":7633,"comment_status":"closed","ping_status":"open","sticky":false,"template":"","format":"standard","meta":{"footnotes":""},"categories":[1],"tags":[887,281],"class_list":["post-7630","post","type-post","status-publish","format-standard","has-post-thumbnail","hentry","category-actualidad","tag-fabia-combi","tag-skoda-fabia"],"_links":{"self":[{"href":"https:\/\/www.sibuscascoche.com\/noticias\/wp-json\/wp\/v2\/posts\/7630","targetHints":{"allow":["GET"]}}],"collection":[{"href":"https:\/\/www.sibuscascoche.com\/noticias\/wp-json\/wp\/v2\/posts"}],"about":[{"href":"https:\/\/www.sibuscascoche.com\/noticias\/wp-json\/wp\/v2\/types\/post"}],"author":[{"embeddable":true,"href":"https:\/\/www.sibuscascoche.com\/noticias\/wp-json\/wp\/v2\/users\/1"}],"replies":[{"embeddable":true,"href":"https:\/\/www.sibuscascoche.com\/noticias\/wp-json\/wp\/v2\/comments?post=7630"}],"version-history":[{"count":4,"href":"https:\/\/www.sibuscascoche.com\/noticias\/wp-json\/wp\/v2\/posts\/7630\/revisions"}],"predecessor-version":[{"id":7636,"href":"https:\/\/www.sibuscascoche.com\/noticias\/wp-json\/wp\/v2\/posts\/7630\/revisions\/7636"}],"wp:featuredmedia":[{"embeddable":true,"href":"https:\/\/www.sibuscascoche.com\/noticias\/wp-json\/wp\/v2\/media\/7633"}],"wp:attachment":[{"href":"https:\/\/www.sibuscascoche.com\/noticias\/wp-json\/wp\/v2\/media?parent=7630"}],"wp:term":[{"taxonomy":"category","embeddable":true,"href":"https:\/\/www.sibuscascoche.com\/noticias\/wp-json\/wp\/v2\/categories?post=7630"},{"taxonomy":"post_tag","embeddable":true,"href":"https:\/\/www.sibuscascoche.com\/noticias\/wp-json\/wp\/v2\/tags?post=7630"}],"curies":[{"name":"wp","href":"https:\/\/api.w.org\/{rel}","templated":true}]}}