{"id":7496,"date":"2016-03-03T17:14:49","date_gmt":"2016-03-03T16:14:49","guid":{"rendered":"https:\/\/www.sibuscascoche.com\/noticias\/?p=7496"},"modified":"2016-03-11T17:15:00","modified_gmt":"2016-03-11T16:15:00","slug":"salon-de-ginebra-2016","status":"publish","type":"post","link":"https:\/\/www.sibuscascoche.com\/noticias\/2016\/salon-de-ginebra-2016\/","title":{"rendered":"Ya no queda nada: Sal\u00f3n de Ginebra 2016"},"content":{"rendered":"<p style=\"text-align: left;\"><strong>El famoso Sal\u00f3n de Ginebra es sin duda una de las citas m\u00e1s importantes en cuanto a motor se refiere.<\/strong> Un sal\u00f3n en el que cada a\u00f1o se presentan coches que llegar\u00e1n en menos de un a\u00f1o a los concesionarios. \u00bfQuieres conocer todas las novedades que depara?\u00a0Cinco son algunos de los veh\u00edculos m\u00e1s populares:<\/p>\n<p style=\"text-align: left;\"><strong>&#8211; Renault Sc\u00e9nic 2016.<\/strong> Una s\u00faper novedad que compartir\u00e1 plataforma con el M\u00e9gane y equipar\u00e1 motores gasolina y diesel de entre 110 y 130 CV. En esta sexta generaci\u00f3n encontraremos importantes novedades de dise\u00f1o como la posibilidad de escoger una carrocer\u00eda en dos tonos o un nuevo parabrisas denominado \u201ctr\u00edptico\u201d debido a su enorme tama\u00f1o.<\/p>\n<p><img loading=\"lazy\" decoding=\"async\" class=\"alignright size-full wp-image-7499\" alt=\"coches ocasi\u00f3n\" src=\"https:\/\/www.sibuscascoche.com\/noticias\/wp-content\/uploads\/2016\/03\/interior1-salon-ginebra.jpg\" width=\"300\" height=\"200\" \/><\/p>\n<p style=\"text-align: left;\"><strong>&#8211; Ford Kuga 2016.<\/strong> Nuevo dise\u00f1o mucho m\u00e1s robusto y fuerte con cambios en los faros, paragolpes m\u00e1s abultado y estrenando nueva parrilla frontal. Adem\u00e1s incluye un sistema multimedia SYNC 3 que ser\u00e1 compatible con CarPlay y Android Auto.<\/p>\n<p style=\"text-align: left;\"><strong>&#8211; Mercedes Clase C Cabrio 2016.<\/strong> El primer Mercedes sin techo en la historia contar\u00e1 con carrocer\u00eda de dos puertas con capota de lona y activaci\u00f3n el\u00e9ctrica. Con cuatro plazas y un sistema de calefacci\u00f3n para la nuca de los ocupantes, podremos encontrarlo en gasolina y diesel entre los 170 y 240 CV pero adem\u00e1s equipar\u00e1 lo \u00faltimo en sistemas de ayuda a la conducci\u00f3n: piloto autom\u00e1tico en atascos y sistema de estacionamiento autom\u00e1tico.<\/p>\n<p style=\"text-align: left;\"><strong><img loading=\"lazy\" decoding=\"async\" class=\"alignleft size-full wp-image-7502\" alt=\"coches ocasi\u00f3n\" src=\"https:\/\/www.sibuscascoche.com\/noticias\/wp-content\/uploads\/2016\/03\/interior2-salon-ginebra.jpg\" width=\"300\" height=\"200\" \/>&#8211; Volkswagen Up!<\/strong> es el peque\u00f1o microurbano que apenas mide 3,54 m de largo. Con 3 o 5 puertas llega redise\u00f1ado con nuevos faros oscurecidos y nuevo paragolpes. Pero la gran novedad se esconde bajo el cap\u00f3 que ahora podr\u00e1 equipar motor 1.0 turbo de gasolina con 90 CV y consumir\u00e1 4,4 l\/100 km.<\/p>\n<p style=\"text-align: left;\"><strong>&#8211; Peugeot 208.<\/strong> Y el SUV m\u00e1s peque\u00f1o de Peugeot recibe un restyling para hacer frente a la segunda mitad de su vida comercial con no demasiados cambios al interior pero con una imagen exterior muy atractiva gracias a su nueva parrilla frontal vertical. Tambi\u00e9n estrena nuevo sistema multimedia compatible con Mirror Link y CarPlay.<\/p>\n<p style=\"text-align: left;\">Pero estas son solo algunas de las novedades que depara el Sal\u00f3n de Ginebra 2016. Esto promete\u2026\u00a1y mucho!<\/p>\n<p style=\"text-align: left;\">\n","protected":false},"excerpt":{"rendered":"<p>El famoso Sal\u00f3n de Ginebra es sin duda una de las citas m\u00e1s importantes en cuanto a motor se refiere. Un sal\u00f3n en el que cada a\u00f1o se presentan coches<\/p>\n","protected":false},"author":1,"featured_media":7498,"comment_status":"closed","ping_status":"open","sticky":false,"template":"","format":"standard","meta":{"footnotes":""},"categories":[1],"tags":[863],"class_list":["post-7496","post","type-post","status-publish","format-standard","has-post-thumbnail","hentry","category-actualidad","tag-salon-de-ginebra"],"_links":{"self":[{"href":"https:\/\/www.sibuscascoche.com\/noticias\/wp-json\/wp\/v2\/posts\/7496","targetHints":{"allow":["GET"]}}],"collection":[{"href":"https:\/\/www.sibuscascoche.com\/noticias\/wp-json\/wp\/v2\/posts"}],"about":[{"href":"https:\/\/www.sibuscascoche.com\/noticias\/wp-json\/wp\/v2\/types\/post"}],"author":[{"embeddable":true,"href":"https:\/\/www.sibuscascoche.com\/noticias\/wp-json\/wp\/v2\/users\/1"}],"replies":[{"embeddable":true,"href":"https:\/\/www.sibuscascoche.com\/noticias\/wp-json\/wp\/v2\/comments?post=7496"}],"version-history":[{"count":4,"href":"https:\/\/www.sibuscascoche.com\/noticias\/wp-json\/wp\/v2\/posts\/7496\/revisions"}],"predecessor-version":[{"id":7503,"href":"https:\/\/www.sibuscascoche.com\/noticias\/wp-json\/wp\/v2\/posts\/7496\/revisions\/7503"}],"wp:featuredmedia":[{"embeddable":true,"href":"https:\/\/www.sibuscascoche.com\/noticias\/wp-json\/wp\/v2\/media\/7498"}],"wp:attachment":[{"href":"https:\/\/www.sibuscascoche.com\/noticias\/wp-json\/wp\/v2\/media?parent=7496"}],"wp:term":[{"taxonomy":"category","embeddable":true,"href":"https:\/\/www.sibuscascoche.com\/noticias\/wp-json\/wp\/v2\/categories?post=7496"},{"taxonomy":"post_tag","embeddable":true,"href":"https:\/\/www.sibuscascoche.com\/noticias\/wp-json\/wp\/v2\/tags?post=7496"}],"curies":[{"name":"wp","href":"https:\/\/api.w.org\/{rel}","templated":true}]}}