{"id":7380,"date":"2016-02-26T08:39:36","date_gmt":"2016-02-26T07:39:36","guid":{"rendered":"https:\/\/www.sibuscascoche.com\/noticias\/?p=7380"},"modified":"2016-02-26T12:39:52","modified_gmt":"2016-02-26T11:39:52","slug":"skoda-sopla-120-velas","status":"publish","type":"post","link":"https:\/\/www.sibuscascoche.com\/noticias\/2016\/skoda-sopla-120-velas\/","title":{"rendered":"\u0160koda sopla 120 velas"},"content":{"rendered":"<p><span style=\"line-height: 1.5em;\">Tras 120 a\u00f1os de historia y m\u00e1s de 17 millones de unidades vendidas \u0160koda celebra un aniversario lleno de significado. El entusiasmo por la tecnolog\u00eda y la movilidad han convertido un peque\u00f1o taller de bicicletas en una de las f\u00e1bricas de coches m\u00e1s antiguas del mundo \u00bfQuieres conocer su historia?<\/span><\/p>\n<p><img loading=\"lazy\" decoding=\"async\" class=\"alignright size-full wp-image-7384\" alt=\"\u0160koda, coche segunda mano\" src=\"https:\/\/www.sibuscascoche.com\/noticias\/wp-content\/uploads\/2016\/02\/skoda-120.jpg\" width=\"300\" height=\"200\" \/>Todo comenzaba en el mismo <strong>origen de la automoci\u00f3n<\/strong>, los fundadores, Laurin y Klement abrieron un<strong> taller de bicicletas<\/strong> en diciembre de 1895, nac\u00eda as\u00ed la compa\u00f1\u00eda Laurin &amp;Klement (L&amp;K), que r\u00e1pidamente pas\u00f3 de hacer reparaciones de bicicletas a <strong>fabricar los modelos que triunfaron en la \u00e9poca<\/strong>. De las bicicletas pasaron a las motocicletas y en 1905 dieron el paso a la fabricaci\u00f3n de autom\u00f3viles, su <strong>primera creaci\u00f3n se llamaba Voiturette<\/strong> y ten\u00eda un motor bicil\u00edndrico de 7 CV con el que llegaba a una velocidad de hasta 40 km\/h.<\/p>\n<p>En la \u00e9poca de la Primera Guerra Mundial, la posguerra y durante los a\u00f1os 20 la inestabilidad pol\u00edtica y econ\u00f3mica afect\u00f3 gravemente a la compa\u00f1\u00eda y le llev\u00f3 a <strong>fusionarse con la mayor f\u00e1brica de la Rep\u00fablica Checa, \u0160koda<\/strong>.\u00a0Posteriormente, \u0160koda fue <strong>nacionalizada<\/strong>, a pesar de ello, en la d\u00e9cada de los 40, destacan sus modelos destacan el <strong>\u0160koda 1101 \u201cTudor\u201d, el Skoda 440 \u201cSpartak\u201d y el Felicia<\/strong>. El <strong>\u0160koda Favorit<\/strong>, de 1987 destac\u00f3 por ser el primer veh\u00edculo de la marca de<strong> tracci\u00f3n delantera<\/strong>.<\/p>\n<p>En <strong>1991 se fusiona con el Grupo Volkswagen<\/strong>, operaci\u00f3n decisiva para la marca, que como resultado ha visto <strong>ampliada su gama de modelos y sus ventas<\/strong>. Actualmente, la compa\u00f1\u00eda f\u00e1brica en China, Rusia india y la Rep\u00fablica Checa, entre otros pa\u00edses.<\/p>\n<p>Estos \u00faltimos 25 a\u00f1os de su historia han convertido a la marca en un<strong> exitoso fabricante internacional<\/strong>, llegando entre 2010 y 2015 a <strong>lanzar la mayor variedad de modelos de su historia<\/strong>. Para el futuro, \u0160koda quiere seguir haciendo crecer la familia y la inspiraci\u00f3n para los nuevos modelos es el <strong>mundo SUV<\/strong>.<\/p>\n","protected":false},"excerpt":{"rendered":"<p>Tras 120 a\u00f1os de historia y m\u00e1s de 17 millones de unidades vendidas \u0160koda celebra un aniversario lleno de significado. El entusiasmo por la tecnolog\u00eda y la movilidad han convertido<\/p>\n","protected":false},"author":6,"featured_media":7385,"comment_status":"closed","ping_status":"open","sticky":false,"template":"","format":"standard","meta":{"footnotes":""},"categories":[1],"tags":[859,264],"class_list":["post-7380","post","type-post","status-publish","format-standard","has-post-thumbnail","hentry","category-actualidad","tag-historia-skoda","tag-skoda"],"_links":{"self":[{"href":"https:\/\/www.sibuscascoche.com\/noticias\/wp-json\/wp\/v2\/posts\/7380","targetHints":{"allow":["GET"]}}],"collection":[{"href":"https:\/\/www.sibuscascoche.com\/noticias\/wp-json\/wp\/v2\/posts"}],"about":[{"href":"https:\/\/www.sibuscascoche.com\/noticias\/wp-json\/wp\/v2\/types\/post"}],"author":[{"embeddable":true,"href":"https:\/\/www.sibuscascoche.com\/noticias\/wp-json\/wp\/v2\/users\/6"}],"replies":[{"embeddable":true,"href":"https:\/\/www.sibuscascoche.com\/noticias\/wp-json\/wp\/v2\/comments?post=7380"}],"version-history":[{"count":4,"href":"https:\/\/www.sibuscascoche.com\/noticias\/wp-json\/wp\/v2\/posts\/7380\/revisions"}],"predecessor-version":[{"id":7463,"href":"https:\/\/www.sibuscascoche.com\/noticias\/wp-json\/wp\/v2\/posts\/7380\/revisions\/7463"}],"wp:featuredmedia":[{"embeddable":true,"href":"https:\/\/www.sibuscascoche.com\/noticias\/wp-json\/wp\/v2\/media\/7385"}],"wp:attachment":[{"href":"https:\/\/www.sibuscascoche.com\/noticias\/wp-json\/wp\/v2\/media?parent=7380"}],"wp:term":[{"taxonomy":"category","embeddable":true,"href":"https:\/\/www.sibuscascoche.com\/noticias\/wp-json\/wp\/v2\/categories?post=7380"},{"taxonomy":"post_tag","embeddable":true,"href":"https:\/\/www.sibuscascoche.com\/noticias\/wp-json\/wp\/v2\/tags?post=7380"}],"curies":[{"name":"wp","href":"https:\/\/api.w.org\/{rel}","templated":true}]}}