{"id":7224,"date":"2016-03-18T16:02:50","date_gmt":"2016-03-18T15:02:50","guid":{"rendered":"https:\/\/www.sibuscascoche.com\/noticias\/?p=7224"},"modified":"2016-03-21T16:06:17","modified_gmt":"2016-03-21T15:06:17","slug":"como-cargar-el-maletero-del-coche","status":"publish","type":"post","link":"https:\/\/www.sibuscascoche.com\/noticias\/2016\/como-cargar-el-maletero-del-coche\/","title":{"rendered":"C\u00f3mo cargar el maletero del coche"},"content":{"rendered":"<p style=\"text-align: left;\">\u00bfA qui\u00e9n no le gusta irse de vacaciones? \u00bfO desconectar durante un fin de semana? Llegado el caso,<strong> toca cargar el maletero pero \u00bfsabes hacerlo de forma adecuada?<\/strong> Nosotros te lo contamos.<\/p>\n<p style=\"text-align: left;\">Puede que a muchos este aspecto no les parezca muy importante pero lo cierto es que una carga que no se encuentre bien distribuida puede llegar a tener consecuencias desagradables. El equipaje ha de encontrarse bien distribuido y sujeto porque en caso de frenada por ejemplo, puede convertirse en un objeto muy peligroso.<\/p>\n<p style=\"text-align: left;\"><img loading=\"lazy\" decoding=\"async\" class=\"alignright size-full wp-image-7566\" alt=\"cargar el maletero\" src=\"https:\/\/www.sibuscascoche.com\/noticias\/wp-content\/uploads\/2016\/03\/interior-cargar-maletero.jpg\" width=\"300\" height=\"200\" \/>Es importante tener en cuenta que<strong> no es necesario que todos los objetos est\u00e9n colocados en el maletero<\/strong> ya que la carga total del veh\u00edculo debe estar compensada. No debemos colocar toda la carga en un lateral y siempre es mejor colocar la carga m\u00e1s pesada en la parte de abajo y a ser posible en el fondo. \u00bfLo dem\u00e1s? Rellena los espacios que sobran con el resto de objetos.<\/p>\n<p style=\"text-align: left;\">Tampoco te excedas llenando el maletero porque es posible que a la vuelta no tengas hueco para meter nada m\u00e1s. Y no olvides abrochar los cinturones traseros aunque no viaje nadie.<\/p>\n<p style=\"text-align: left;\">\u00bfEst\u00e1s seguro de todo lo que quieres llevar? Olv\u00eddate de todo lo superfluo y deja aquellos objetos de los que no tengas claro que vayas a hacer uso. Algo que puede que te ayude es <strong>realizar una lista previa de todas aquellas cosas que consideres indispensables para tu viaje.<\/strong><\/p>\n<p style=\"text-align: left;\">\u00a1Ojo con los animales! Sit\u00faalos en la parte trasera y suj\u00e9talos con trasportines, cinturones o mallas especiales que eviten totalmente el contacto con la parte delantera del coche.<\/p>\n<p style=\"text-align: left;\">Por \u00faltimo, olv\u00eddate de la bandeja trasera y no utilices la baca. En el caso de la bandeja, para la visibilidad es fatal y puede provocar accidentes adem\u00e1s de existir la posibilidad de que alg\u00fan objeto salga disparado y golpearte. Para la baca, si no te queda m\u00e1s remedio que utilizarla, evita a toda costa que los objetos salgan del per\u00edmetro del veh\u00edculo y aseg\u00farate de que est\u00e1n perfectamente sujetos.<\/p>\n<p style=\"text-align: left;\">\n","protected":false},"excerpt":{"rendered":"<p>\u00bfA qui\u00e9n no le gusta irse de vacaciones? \u00bfO desconectar durante un fin de semana? Llegado el caso, toca cargar el maletero pero \u00bfsabes hacerlo de forma adecuada? Nosotros te<\/p>\n","protected":false},"author":1,"featured_media":7565,"comment_status":"closed","ping_status":"open","sticky":false,"template":"","format":"standard","meta":{"footnotes":""},"categories":[1],"tags":[840,218],"class_list":["post-7224","post","type-post","status-publish","format-standard","has-post-thumbnail","hentry","category-actualidad","tag-cargar-maletero","tag-consejos"],"_links":{"self":[{"href":"https:\/\/www.sibuscascoche.com\/noticias\/wp-json\/wp\/v2\/posts\/7224","targetHints":{"allow":["GET"]}}],"collection":[{"href":"https:\/\/www.sibuscascoche.com\/noticias\/wp-json\/wp\/v2\/posts"}],"about":[{"href":"https:\/\/www.sibuscascoche.com\/noticias\/wp-json\/wp\/v2\/types\/post"}],"author":[{"embeddable":true,"href":"https:\/\/www.sibuscascoche.com\/noticias\/wp-json\/wp\/v2\/users\/1"}],"replies":[{"embeddable":true,"href":"https:\/\/www.sibuscascoche.com\/noticias\/wp-json\/wp\/v2\/comments?post=7224"}],"version-history":[{"count":5,"href":"https:\/\/www.sibuscascoche.com\/noticias\/wp-json\/wp\/v2\/posts\/7224\/revisions"}],"predecessor-version":[{"id":7626,"href":"https:\/\/www.sibuscascoche.com\/noticias\/wp-json\/wp\/v2\/posts\/7224\/revisions\/7626"}],"wp:featuredmedia":[{"embeddable":true,"href":"https:\/\/www.sibuscascoche.com\/noticias\/wp-json\/wp\/v2\/media\/7565"}],"wp:attachment":[{"href":"https:\/\/www.sibuscascoche.com\/noticias\/wp-json\/wp\/v2\/media?parent=7224"}],"wp:term":[{"taxonomy":"category","embeddable":true,"href":"https:\/\/www.sibuscascoche.com\/noticias\/wp-json\/wp\/v2\/categories?post=7224"},{"taxonomy":"post_tag","embeddable":true,"href":"https:\/\/www.sibuscascoche.com\/noticias\/wp-json\/wp\/v2\/tags?post=7224"}],"curies":[{"name":"wp","href":"https:\/\/api.w.org\/{rel}","templated":true}]}}