{"id":7199,"date":"2016-01-22T08:58:05","date_gmt":"2016-01-22T07:58:05","guid":{"rendered":"https:\/\/www.sibuscascoche.com\/noticias\/?p=7199"},"modified":"2016-01-22T17:58:19","modified_gmt":"2016-01-22T16:58:19","slug":"porsche-macan-gts-el-suv-extremadamente-deportivo","status":"publish","type":"post","link":"https:\/\/www.sibuscascoche.com\/noticias\/2016\/porsche-macan-gts-el-suv-extremadamente-deportivo\/","title":{"rendered":"Porsche Macan GTS, el SUV extremadamente deportivo"},"content":{"rendered":"<p style=\"text-align: left;\"><strong>Radical y exclusivo. As\u00ed es el Porsche Macan GTS.<\/strong> Y deportivo, extremadamente deportivo. Luce 360 CV de potencia y se sit\u00faa como una opci\u00f3n intermedia entre Macan S y Turbo.<\/p>\n<p style=\"text-align: left;\"><img loading=\"lazy\" decoding=\"async\" class=\"alignright size-full wp-image-7201\" alt=\"Porsche Macan GTS\" src=\"https:\/\/www.sibuscascoche.com\/noticias\/wp-content\/uploads\/2016\/01\/interior-porsche-macan.jpg\" width=\"300\" height=\"200\" \/><strong>Al exterior destaca por su aire diferente<\/strong> con respecto al resto de modelos deportivos de la casa Porsche: faldones espec\u00edficos, detalles en negro, llantas de 20 pulgadas con dise\u00f1o RS Spyder o altura al suelo rebajada en 15 mil\u00edmetros son algunas de sus caracter\u00edsticas especiales. Pero obviamente no es todo: esconde bajo el cap\u00f3 el mismo motor V6 biturbo con tres litros que utiliza el Macan S pero aumentando la potencia en 20 CV m\u00e1s. Combinado con la caja de cambios PDK de doble embrague <strong>puede acelerar de 0 a 100 km\/h en apenas 5,2 segundos<\/strong> (5 con el paquete opcional Sport Chrono) y<strong> su velocidad punta la encontramos en los 256 km\/h.<\/strong><\/p>\n<p style=\"text-align: left;\">Incorpora tambi\u00e9n la opci\u00f3n Porsche Active Suspension Management (PASM) lo que reduce la altura libre al suelo en 15 mil\u00edmetros y con el Porsche Traction Management (PTM), distribuye el par entre las cuatro ruedas.<\/p>\n<p style=\"text-align: left;\">Este Porsche Macan no busca ser un Macan m\u00e1s. <strong>\u00bfTe has fijado en las siglas GTS? Busca destacar e ir m\u00e1s all\u00e1<\/strong>, por delante, con su paquete aerodin\u00e1mico espec\u00edfico y un dise\u00f1o m\u00e1s agresivo y deportivo.<\/p>\n<p style=\"text-align: left;\">El interior es acogedor y en parte gracias a la postura de conducci\u00f3n perfecta que nos dejar\u00e1 situar el asiento muy bajo y disfrutar de una visi\u00f3n perfecta del entorno. Y es que el sistema de ajuste el\u00e9ctrico del asiento de serie cuenta con 8 posiciones. <strong>Combinaci\u00f3n de cuero y alc\u00e1ntara en los voluminosos asientos deportivos<\/strong> con apoyos laterales muy marcados y logotipos GTS en los reposacabezas son claramente una se\u00f1a de identidad. \u00a0Un volante con un tacto perfecto tanto por el di\u00e1metro como por la posici\u00f3n de los botones multifunci\u00f3n. El motor potente y bestial ruge desde el momento en el que giramos la llave y mantiene la intensidad elevada incluso en los escapes deportivos desconectados.<\/p>\n<p style=\"text-align: left;\">Para terminar incorpora la pantalla t\u00e1ctil y la integraci\u00f3n de tel\u00e9fonos m\u00f3viles a trav\u00e9s de Apple Carplay.<\/p>\n<p style=\"text-align: left;\">\u00a1Maravilloso!<\/p>\n<p>&nbsp;<\/p>\n<p>&nbsp;<\/p>\n<p>&nbsp;<\/p>\n","protected":false},"excerpt":{"rendered":"<p>Radical y exclusivo. As\u00ed es el Porsche Macan GTS. Y deportivo, extremadamente deportivo. Luce 360 CV de potencia y se sit\u00faa como una opci\u00f3n intermedia entre Macan S y Turbo.<\/p>\n","protected":false},"author":1,"featured_media":7200,"comment_status":"closed","ping_status":"open","sticky":false,"template":"","format":"standard","meta":{"footnotes":""},"categories":[1],"tags":[837,836],"class_list":["post-7199","post","type-post","status-publish","format-standard","has-post-thumbnail","hentry","category-actualidad","tag-gts","tag-porsche-macan"],"_links":{"self":[{"href":"https:\/\/www.sibuscascoche.com\/noticias\/wp-json\/wp\/v2\/posts\/7199","targetHints":{"allow":["GET"]}}],"collection":[{"href":"https:\/\/www.sibuscascoche.com\/noticias\/wp-json\/wp\/v2\/posts"}],"about":[{"href":"https:\/\/www.sibuscascoche.com\/noticias\/wp-json\/wp\/v2\/types\/post"}],"author":[{"embeddable":true,"href":"https:\/\/www.sibuscascoche.com\/noticias\/wp-json\/wp\/v2\/users\/1"}],"replies":[{"embeddable":true,"href":"https:\/\/www.sibuscascoche.com\/noticias\/wp-json\/wp\/v2\/comments?post=7199"}],"version-history":[{"count":4,"href":"https:\/\/www.sibuscascoche.com\/noticias\/wp-json\/wp\/v2\/posts\/7199\/revisions"}],"predecessor-version":[{"id":7205,"href":"https:\/\/www.sibuscascoche.com\/noticias\/wp-json\/wp\/v2\/posts\/7199\/revisions\/7205"}],"wp:featuredmedia":[{"embeddable":true,"href":"https:\/\/www.sibuscascoche.com\/noticias\/wp-json\/wp\/v2\/media\/7200"}],"wp:attachment":[{"href":"https:\/\/www.sibuscascoche.com\/noticias\/wp-json\/wp\/v2\/media?parent=7199"}],"wp:term":[{"taxonomy":"category","embeddable":true,"href":"https:\/\/www.sibuscascoche.com\/noticias\/wp-json\/wp\/v2\/categories?post=7199"},{"taxonomy":"post_tag","embeddable":true,"href":"https:\/\/www.sibuscascoche.com\/noticias\/wp-json\/wp\/v2\/tags?post=7199"}],"curies":[{"name":"wp","href":"https:\/\/api.w.org\/{rel}","templated":true}]}}