{"id":7171,"date":"2016-01-15T08:47:50","date_gmt":"2016-01-15T07:47:50","guid":{"rendered":"https:\/\/www.sibuscascoche.com\/noticias\/?p=7171"},"modified":"2016-01-15T17:49:06","modified_gmt":"2016-01-15T16:49:06","slug":"bmw-disena-concepto-rompedor","status":"publish","type":"post","link":"https:\/\/www.sibuscascoche.com\/noticias\/2016\/bmw-disena-concepto-rompedor\/","title":{"rendered":"BMW dise\u00f1a un concepto rompedor"},"content":{"rendered":"<p><span style=\"line-height: 1.5em;\">La marca alemana sigue avanzando en una l\u00ednea marcada por la modernidad y los mercados emergentes, \u00bfquieres saber c\u00f3mo es y a qui\u00e9n va dirigido el nuevo coche de BMW?<\/span><\/p>\n<p>Desde BMW no se cansan de sorprendernos y en esta ocasi\u00f3n han decidido presentar su <b>nuevo concepto de coche<\/b> en uno de los salones del autom\u00f3vil m\u00e1s grandes de China. El BMW Concept Compact Sedan viene para romper moldes y buena muestra de ello son sus caracter\u00edsticas.<\/p>\n<p><img loading=\"lazy\" decoding=\"async\" class=\"alignright size-full wp-image-7142\" alt=\"BMW Concept Compact Sedan, coche ocasi\u00f3n\" src=\"https:\/\/www.sibuscascoche.com\/noticias\/wp-content\/uploads\/2015\/12\/bmw-concept-interior.jpg\" width=\"300\" height=\"200\" \/>Este nuevo modelo alem\u00e1n une un espacio generoso para los pasajeros con el tama\u00f1o de un compacto, un toque de <b>elegancia y una pizca de deportividad<\/b> que lo transforman en una obra de arte con intenci\u00f3n de transformarse en un coche de culto.<\/p>\n<p>A pesar de las grandes novedades que se introducen, en su exterior nos encontramos con una silueta familiar en los distintos modelos de la marca, que se ve acentuada con una <b>figura m\u00e1s atl\u00e9tica con cuatro puertas <\/b>encajadas de una manera arm\u00f3nica en los laterales del coche y que tienen unos tiradores que se accionan tan s\u00f3lo con tocar su superficie. Pero esto no es todo, el car\u00e1cter deportivo de este coche se pone de relieve con unas <b>llantas de 20 pulgadas<\/b> que har\u00e1n las delicias de los fans de la de competici\u00f3n.<\/p>\n<p>El frontal del Concept Compact Sedan presenta unos <b>faros dobles LED<\/b> que dirigen su atenci\u00f3n hacia la caracter\u00edstica parrilla central de los BMW y que acent\u00faan a\u00fan m\u00e1s su dinamismo. La parte trasera no iba a ser menos y tambi\u00e9n brilla con protagonismo propio en este Concept con una alargada tira de luces traseras en forma de \u201cL\u201d.<\/p>\n<p>Como no todo va a ser el exterior, el nuevo modelo de la marca alemana tambi\u00e9n presenta un estilo propio en su interior, con detalles met\u00e1licos como las <b>inserciones de aluminio pulido<\/b> en el borde del panel de instrumentos, que le dan a este coche un car\u00e1cter propio y un dise\u00f1o innovador.<\/p>\n<p>Ahora que ya conoces en qu\u00e9 est\u00e1n trabajando desde la marca alemana, \u00bfqu\u00e9 te parece el BMW Concept Compact Sedan?<\/p>\n","protected":false},"excerpt":{"rendered":"<p>La marca alemana sigue avanzando en una l\u00ednea marcada por la modernidad y los mercados emergentes, \u00bfquieres saber c\u00f3mo es y a qui\u00e9n va dirigido el nuevo coche de BMW?<\/p>\n","protected":false},"author":6,"featured_media":7141,"comment_status":"closed","ping_status":"open","sticky":false,"template":"","format":"standard","meta":{"footnotes":""},"categories":[8],"tags":[828,829],"class_list":["post-7171","post","type-post","status-publish","format-standard","has-post-thumbnail","hentry","category-lanzamientos","tag-bmw-concept","tag-compact-sedan"],"_links":{"self":[{"href":"https:\/\/www.sibuscascoche.com\/noticias\/wp-json\/wp\/v2\/posts\/7171","targetHints":{"allow":["GET"]}}],"collection":[{"href":"https:\/\/www.sibuscascoche.com\/noticias\/wp-json\/wp\/v2\/posts"}],"about":[{"href":"https:\/\/www.sibuscascoche.com\/noticias\/wp-json\/wp\/v2\/types\/post"}],"author":[{"embeddable":true,"href":"https:\/\/www.sibuscascoche.com\/noticias\/wp-json\/wp\/v2\/users\/6"}],"replies":[{"embeddable":true,"href":"https:\/\/www.sibuscascoche.com\/noticias\/wp-json\/wp\/v2\/comments?post=7171"}],"version-history":[{"count":5,"href":"https:\/\/www.sibuscascoche.com\/noticias\/wp-json\/wp\/v2\/posts\/7171\/revisions"}],"predecessor-version":[{"id":7196,"href":"https:\/\/www.sibuscascoche.com\/noticias\/wp-json\/wp\/v2\/posts\/7171\/revisions\/7196"}],"wp:featuredmedia":[{"embeddable":true,"href":"https:\/\/www.sibuscascoche.com\/noticias\/wp-json\/wp\/v2\/media\/7141"}],"wp:attachment":[{"href":"https:\/\/www.sibuscascoche.com\/noticias\/wp-json\/wp\/v2\/media?parent=7171"}],"wp:term":[{"taxonomy":"category","embeddable":true,"href":"https:\/\/www.sibuscascoche.com\/noticias\/wp-json\/wp\/v2\/categories?post=7171"},{"taxonomy":"post_tag","embeddable":true,"href":"https:\/\/www.sibuscascoche.com\/noticias\/wp-json\/wp\/v2\/tags?post=7171"}],"curies":[{"name":"wp","href":"https:\/\/api.w.org\/{rel}","templated":true}]}}