{"id":70,"date":"2013-09-14T19:24:23","date_gmt":"2013-09-14T17:24:23","guid":{"rendered":"https:\/\/www.sibuscascoche.com\/noticias\/?p=70"},"modified":"2015-08-14T11:17:34","modified_gmt":"2015-08-14T09:17:34","slug":"debuta-en-frankfurt-el-alfa-romeo-giulietta-my-2014","status":"publish","type":"post","link":"https:\/\/www.sibuscascoche.com\/noticias\/2013\/debuta-en-frankfurt-el-alfa-romeo-giulietta-my-2014\/","title":{"rendered":"Debuta en Frankfurt el Alfa Romeo Giulietta MY 2014"},"content":{"rendered":"<p>El Sal\u00f3n de Frankfurt 2013 ser\u00e1 el escenario elegido para la <strong>presentaci\u00f3n ante la prensa internacional del <a href=\"https:\/\/www.sibuscascoche.com\/coches-ocasion\/alfa-romeo\"><span style=\"color: #0071b9;\">Alfa Romeo<\/span><\/a> Giulietta MY 2014<\/strong>, que se comercializar\u00e1 a partir de octubre. Con estilo renovado, avances tecnol\u00f3gicos y nuevas motorizaciones, busca seguir sumando ventas a las 212.000 unidades que ya se han entregado en todo el mundo.<\/p>\n<p>Entre las innovaciones respecto a modelos anteriores, en el nuevo <strong>Alfa Romeo Giulietta destaca el motor 2.0 JTDM 2 de 150 CV y 380 Nm<\/strong>. Podremos disfrutar tambi\u00e9n de nuevos colores para la carrocer\u00eda, como el Perla Moonlight, Azul Anodizado o el Bronce, tendremos posibilidad de escoger entre tres nuevas llantas de aleaci\u00f3n, las de 16, 17 y 18 pulgadas.<\/p>\n<p>Los cambios tambi\u00e9n se aprecian en el interior, el Alfa Romeo Giulietta MY 2014 incluye el sistema de infoentretenimiento Unconnect Radionav, con navegador por sat\u00e9lite y comandos de voz. La calidad y el cuidado de los detalles puede apreciarse en las nuevas tapicer\u00edas, manillas y paneles de las puertas.<\/p>\n<p>Este<strong>\u00a0nuevo\u00a0<span style=\"color: #0071b9;\"><a href=\"http:\/\/www.alfaromeo.es\/es\/home\" target=\"_blank\" rel=\"noopener\"><span style=\"color: #0071b9;\">Alfa Romeo<\/span><\/a> <a href=\"http:\/\/www.diariomotor.com\/2013\/09\/02\/alfa-romeo-giulietta-2014-estrenando-el-2-0-jtdm-ii-de-150-cv-y-el-equipo-de-entretenimiento-uconnect\/\" target=\"_blank\" rel=\"noopener\"><span style=\"color: #0071b9;\">Giulietta\u00a0MY 2014<\/span><\/a><\/span>\u00a0presenta un consumo y emisiones sorprendentemente reducidos<\/strong> en estos niveles de potencia. La marca no renuncia al m\u00e1ximo placer de conducci\u00f3n, pero apuesta por una deportividad consciente y respetuosa con el medio ambiente.<\/p>\n","protected":false},"excerpt":{"rendered":"<p>El Sal\u00f3n de Frankfurt 2013 ser\u00e1 el escenario elegido para la presentaci\u00f3n ante la prensa internacional del Alfa Romeo Giulietta MY 2014, que se comercializar\u00e1 a partir de octubre. Con<\/p>\n","protected":false},"author":1,"featured_media":71,"comment_status":"closed","ping_status":"open","sticky":false,"template":"","format":"standard","meta":{"footnotes":""},"categories":[9,8],"tags":[113,66],"class_list":["post-70","post","type-post","status-publish","format-standard","has-post-thumbnail","hentry","category-eventos","category-lanzamientos","tag-alfa-romeo","tag-compacto"],"_links":{"self":[{"href":"https:\/\/www.sibuscascoche.com\/noticias\/wp-json\/wp\/v2\/posts\/70","targetHints":{"allow":["GET"]}}],"collection":[{"href":"https:\/\/www.sibuscascoche.com\/noticias\/wp-json\/wp\/v2\/posts"}],"about":[{"href":"https:\/\/www.sibuscascoche.com\/noticias\/wp-json\/wp\/v2\/types\/post"}],"author":[{"embeddable":true,"href":"https:\/\/www.sibuscascoche.com\/noticias\/wp-json\/wp\/v2\/users\/1"}],"replies":[{"embeddable":true,"href":"https:\/\/www.sibuscascoche.com\/noticias\/wp-json\/wp\/v2\/comments?post=70"}],"version-history":[{"count":13,"href":"https:\/\/www.sibuscascoche.com\/noticias\/wp-json\/wp\/v2\/posts\/70\/revisions"}],"predecessor-version":[{"id":6279,"href":"https:\/\/www.sibuscascoche.com\/noticias\/wp-json\/wp\/v2\/posts\/70\/revisions\/6279"}],"wp:featuredmedia":[{"embeddable":true,"href":"https:\/\/www.sibuscascoche.com\/noticias\/wp-json\/wp\/v2\/media\/71"}],"wp:attachment":[{"href":"https:\/\/www.sibuscascoche.com\/noticias\/wp-json\/wp\/v2\/media?parent=70"}],"wp:term":[{"taxonomy":"category","embeddable":true,"href":"https:\/\/www.sibuscascoche.com\/noticias\/wp-json\/wp\/v2\/categories?post=70"},{"taxonomy":"post_tag","embeddable":true,"href":"https:\/\/www.sibuscascoche.com\/noticias\/wp-json\/wp\/v2\/tags?post=70"}],"curies":[{"name":"wp","href":"https:\/\/api.w.org\/{rel}","templated":true}]}}