{"id":6752,"date":"2015-12-04T08:00:00","date_gmt":"2015-12-04T07:00:00","guid":{"rendered":"https:\/\/www.sibuscascoche.com\/noticias\/?p=6752"},"modified":"2015-12-04T16:18:51","modified_gmt":"2015-12-04T15:18:51","slug":"olor-competicion-nuevo-bmw-m6-gt3","status":"publish","type":"post","link":"https:\/\/www.sibuscascoche.com\/noticias\/2015\/olor-competicion-nuevo-bmw-m6-gt3\/","title":{"rendered":"Olor a competici\u00f3n en el nuevo BMW M6 GT3"},"content":{"rendered":"<p><span style=\"line-height: 1.5em;\">BMW nos ha presentado su nuevo coche de competici\u00f3n para la temporada 2016. El M6 GT3 llega cargado de novedades y mejoras gracias a la experiencia acumulada en los a\u00f1os de carreras del BMW Z4 GT3. La <\/span><b style=\"line-height: 1.5em;\">belleza y su potencia son las se\u00f1as de identidad<\/b><span style=\"line-height: 1.5em;\"> de este modelo que muy pronto podremos ver en los mejores circuitos. \u00bfQuieres conocerlo un poco mejor?<\/span><\/p>\n<p><img loading=\"lazy\" decoding=\"async\" class=\"size-full wp-image-6754 alignright\" alt=\"BMW M6 GT3, coche km0\" src=\"https:\/\/www.sibuscascoche.com\/noticias\/wp-content\/uploads\/2015\/10\/nuevo-m6-gt3.jpg\" width=\"300\" height=\"200\" \/>El nuevo modelo de la marca alemana presenta un conjunto de mejoras muy importante, tanto en manejabilidad como en econom\u00eda. El M6 GT3 tiene un <b>motor V8 con tecnolog\u00eda M TwinPower Turbo<\/b> que ofrece un mejor resultado y mejora el par del veh\u00edculo. Acompa\u00f1ando a este motor, la nueva apuesta de BMW cuenta con una caja de cambios secuencial de 6 velocidades. Este deportivo tambi\u00e9n destaca por la mayor distancia entre los ejes, lo que ofrece una manejabilidad mejor que la del antiguo BMW Z4 GT3. Otro elemento novedoso es la <b>posici\u00f3n central del asiento del conductor<\/b> que mejora la visibilidad en la competici\u00f3n y le otorga un car\u00e1cter a\u00fan m\u00e1s deportivo.<\/p>\n<p>Para mejorar los resultados en la competici\u00f3n, el peso del coche es un factor fundamental, por eso el <b>M6 GT3 pesa menos de 1.300 kilos<\/b> y tiene una aerodin\u00e1mica estudiada al mil\u00edmetro en el t\u00fanel de viento. El aspecto exterior del BMW deja clara su exclusividad con l\u00edneas muy cuidadas y los faros t\u00edpicos de la marca alemana, que le dan un aspecto esbelto y muy atractivo. Esta figura se remarca con un gran aler\u00f3n trasero que mezcla la belleza con la aerodin\u00e1mica.<\/p>\n<p>Desde BMW se conf\u00eda en que la <b>fiabilidad, eficiencia y el sencillo mantenimiento<\/b> de su nuevo modelo de competici\u00f3n lo convertir\u00e1n en un l\u00edder de las carreras de resistencia. Su precio para los equipos que lo quieran utilizar es de unos 379.000 \u20ac.<\/p>\n<p>Despu\u00e9s de todo lo que te hemos contado, \u00bfno est\u00e1s deseando verlo en acci\u00f3n? Seguro que el BMW M6 GT3 dar\u00e1 mucho que hablar en la pr\u00f3xima temporada.<\/p>\n","protected":false},"excerpt":{"rendered":"<p>BMW nos ha presentado su nuevo coche de competici\u00f3n para la temporada 2016. El M6 GT3 llega cargado de novedades y mejoras gracias a la experiencia acumulada en los a\u00f1os<\/p>\n","protected":false},"author":6,"featured_media":6753,"comment_status":"closed","ping_status":"open","sticky":false,"template":"","format":"standard","meta":{"footnotes":""},"categories":[1,8],"tags":[111,764,763],"class_list":["post-6752","post","type-post","status-publish","format-standard","has-post-thumbnail","hentry","category-actualidad","category-lanzamientos","tag-bmw","tag-bmw-m6","tag-competicion"],"_links":{"self":[{"href":"https:\/\/www.sibuscascoche.com\/noticias\/wp-json\/wp\/v2\/posts\/6752","targetHints":{"allow":["GET"]}}],"collection":[{"href":"https:\/\/www.sibuscascoche.com\/noticias\/wp-json\/wp\/v2\/posts"}],"about":[{"href":"https:\/\/www.sibuscascoche.com\/noticias\/wp-json\/wp\/v2\/types\/post"}],"author":[{"embeddable":true,"href":"https:\/\/www.sibuscascoche.com\/noticias\/wp-json\/wp\/v2\/users\/6"}],"replies":[{"embeddable":true,"href":"https:\/\/www.sibuscascoche.com\/noticias\/wp-json\/wp\/v2\/comments?post=6752"}],"version-history":[{"count":4,"href":"https:\/\/www.sibuscascoche.com\/noticias\/wp-json\/wp\/v2\/posts\/6752\/revisions"}],"predecessor-version":[{"id":7021,"href":"https:\/\/www.sibuscascoche.com\/noticias\/wp-json\/wp\/v2\/posts\/6752\/revisions\/7021"}],"wp:featuredmedia":[{"embeddable":true,"href":"https:\/\/www.sibuscascoche.com\/noticias\/wp-json\/wp\/v2\/media\/6753"}],"wp:attachment":[{"href":"https:\/\/www.sibuscascoche.com\/noticias\/wp-json\/wp\/v2\/media?parent=6752"}],"wp:term":[{"taxonomy":"category","embeddable":true,"href":"https:\/\/www.sibuscascoche.com\/noticias\/wp-json\/wp\/v2\/categories?post=6752"},{"taxonomy":"post_tag","embeddable":true,"href":"https:\/\/www.sibuscascoche.com\/noticias\/wp-json\/wp\/v2\/tags?post=6752"}],"curies":[{"name":"wp","href":"https:\/\/api.w.org\/{rel}","templated":true}]}}