{"id":6745,"date":"2015-11-06T11:23:22","date_gmt":"2015-11-06T10:23:22","guid":{"rendered":"https:\/\/www.sibuscascoche.com\/noticias\/?p=6745"},"modified":"2015-11-12T11:23:57","modified_gmt":"2015-11-12T10:23:57","slug":"multivan-pananamericana","status":"publish","type":"post","link":"https:\/\/www.sibuscascoche.com\/noticias\/2015\/multivan-pananamericana\/","title":{"rendered":"Multivan PanAnamericana \u00bfte atreves?"},"content":{"rendered":"<p>Volkswagen Veh\u00edculos Comerciales nos present\u00f3 en Frankfurt su nueva y exclusiva edici\u00f3n especial de la Multivan, se trata de una furgoneta no apta para todos los p\u00fablicos, especialmente dise\u00f1ada para aventureros, trotamundos e incluso motoristas de alta competici\u00f3n, la <strong>Multivan PanAmericana<\/strong> \u00bfTe atrever\u00edas a probarla?<\/p>\n<p><img loading=\"lazy\" decoding=\"async\" class=\"alignright size-full wp-image-6748\" alt=\"Multivan PanAnamerican, coche km0\" src=\"https:\/\/www.sibuscascoche.com\/noticias\/wp-content\/uploads\/2015\/10\/multivan-panamericana.jpg\" width=\"300\" height=\"200\" \/>Si eres un loco de las motos vamos a empezar por decirte que esta <strong>edici\u00f3n especial<\/strong> est\u00e1 preparada para transportar este tipo de veh\u00edculos, sus 20 mm extra respecto a sus hermanas la hacen adecuada para <strong>transportar motos<\/strong>\u00a0en posici\u00f3n vertical, con ayuda de una rampa de carga el\u00e9ctrica y ganchos que lleva instalados en el interior.<\/p>\n<p>La PanAmericana es una furgoneta con <strong>coraz\u00f3n de SUV<\/strong>, el confort de las Multivan se une en esta ocasi\u00f3n a la <strong>tracci\u00f3n total<\/strong> y la posibilidad de cargar pr\u00e1cticamente cualquier objeto. Este modelo tambi\u00e9n destaca por su <strong>potencia<\/strong>, cuenta un motor 2.0 TDI de <strong>204 CV<\/strong>, un par m\u00e1ximo de 450 Nm y una caja de cambios de doble embrague DSG de siete velocidades.<\/p>\n<p>En el exterior, la Volkswagen Multivan PanAmericana nos sorprende con su Blanco Oryx y sus peque\u00f1os detalles en otros colores que generan <strong>bonitos contrastes<\/strong>. Por ejemplo, la carrocer\u00eda muestra una l\u00ednea en rojo y negro debajo de las molduras laterales e insignias de PanAmericana en la zaga y los pilares B.<\/p>\n<p>En el interior los materiales son <strong>elegantes, robustos y con un toque deportivo<\/strong>. Por ejemplo, la tapicer\u00eda \u201cClip\u201d se encuentra en los paneles centrales de los asientos y contrasta con las costuras blancas y unas franjas\u00a0tambi\u00e9n en blanco, con efecto carbono. En el suelo, la habitual moqueta da paso al resistente aluminio.<\/p>\n<p>Una edici\u00f3n limitada solo apta para personas \u00fanicas, un veh\u00edculo dispuesto a todo, especialmente preparado para deportes en los que la adrenalina es el ingrediente principal.<\/p>\n","protected":false},"excerpt":{"rendered":"<p>Volkswagen Veh\u00edculos Comerciales nos present\u00f3 en Frankfurt su nueva y exclusiva edici\u00f3n especial de la Multivan, se trata de una furgoneta no apta para todos los p\u00fablicos, especialmente dise\u00f1ada para<\/p>\n","protected":false},"author":6,"featured_media":6749,"comment_status":"closed","ping_status":"open","sticky":false,"template":"","format":"standard","meta":{"footnotes":""},"categories":[8],"tags":[761,22,762],"class_list":["post-6745","post","type-post","status-publish","format-standard","has-post-thumbnail","hentry","category-lanzamientos","tag-multivan-panamericana","tag-volkswagen","tag-volkswagen-comerciales"],"_links":{"self":[{"href":"https:\/\/www.sibuscascoche.com\/noticias\/wp-json\/wp\/v2\/posts\/6745","targetHints":{"allow":["GET"]}}],"collection":[{"href":"https:\/\/www.sibuscascoche.com\/noticias\/wp-json\/wp\/v2\/posts"}],"about":[{"href":"https:\/\/www.sibuscascoche.com\/noticias\/wp-json\/wp\/v2\/types\/post"}],"author":[{"embeddable":true,"href":"https:\/\/www.sibuscascoche.com\/noticias\/wp-json\/wp\/v2\/users\/6"}],"replies":[{"embeddable":true,"href":"https:\/\/www.sibuscascoche.com\/noticias\/wp-json\/wp\/v2\/comments?post=6745"}],"version-history":[{"count":4,"href":"https:\/\/www.sibuscascoche.com\/noticias\/wp-json\/wp\/v2\/posts\/6745\/revisions"}],"predecessor-version":[{"id":6751,"href":"https:\/\/www.sibuscascoche.com\/noticias\/wp-json\/wp\/v2\/posts\/6745\/revisions\/6751"}],"wp:featuredmedia":[{"embeddable":true,"href":"https:\/\/www.sibuscascoche.com\/noticias\/wp-json\/wp\/v2\/media\/6749"}],"wp:attachment":[{"href":"https:\/\/www.sibuscascoche.com\/noticias\/wp-json\/wp\/v2\/media?parent=6745"}],"wp:term":[{"taxonomy":"category","embeddable":true,"href":"https:\/\/www.sibuscascoche.com\/noticias\/wp-json\/wp\/v2\/categories?post=6745"},{"taxonomy":"post_tag","embeddable":true,"href":"https:\/\/www.sibuscascoche.com\/noticias\/wp-json\/wp\/v2\/tags?post=6745"}],"curies":[{"name":"wp","href":"https:\/\/api.w.org\/{rel}","templated":true}]}}