{"id":6723,"date":"2015-10-30T10:47:08","date_gmt":"2015-10-30T09:47:08","guid":{"rendered":"https:\/\/www.sibuscascoche.com\/noticias\/?p=6723"},"modified":"2015-11-05T10:49:39","modified_gmt":"2015-11-05T09:49:39","slug":"audi-s8-plus-mas-potente-segmento","status":"publish","type":"post","link":"https:\/\/www.sibuscascoche.com\/noticias\/2015\/audi-s8-plus-mas-potente-segmento\/","title":{"rendered":"Audi S8 Plus, el m\u00e1s potente de su segmento"},"content":{"rendered":"<p><span style=\"line-height: 1.5em;\">Boquiabiertos nos hemos quedado con lo nuevo de la marca alemana, el <strong>Audi S8 Plus<\/strong> \u00bfpor qu\u00e9? 605 CV, 305 km\/h y de 0 a 100 en 3,8 segundos y todo esto en una misma berlina, es sin lugar a dudas, el coche m\u00e1s potente de su segmento. Pero vamos por partes, te lo contamos todo paso a paso.<\/span><\/p>\n<p><strong>Motor y carrocer\u00eda: potencia y ligereza<\/strong><\/p>\n<p><img loading=\"lazy\" decoding=\"async\" class=\"alignright size-full wp-image-6726\" alt=\"audi s8, coche barato\" src=\"https:\/\/www.sibuscascoche.com\/noticias\/wp-content\/uploads\/2015\/10\/comprar-audi-s8-plus-.jpg\" width=\"300\" height=\"200\" \/>Desde luego el motor es la caracter\u00edstica m\u00e1s destacada de este S8, se trata de un<strong> V8 con 605 CV y un par m\u00e1ximo de 750 Nm<\/strong>\u00a0que le permite alcanzar los <strong>305 km\/h<\/strong>. Con un cambio tiptronic de ocho velocidades y tracci\u00f3n quattro este modelo es un deportivo con todas las letras.<\/p>\n<p>Su carrocer\u00eda de aluminio es muy ligera, <strong>pesa 231 kg<\/strong>, el mejor dato que hemos visto hasta ahora entre su competencia. Este Audi presenta <strong>llantas de 21 pulgadas de serie<\/strong> dise\u00f1adas especialmente para la ocasi\u00f3n, luces traseras oscurecidas y el difusor en negro brillante con recubrimiento de carbono. Si a esto le sumamos su <strong>escape deportivo<\/strong> con dos salidas a cada lado podemos hacernos una idea de su espectacular est\u00e9tica. Los faros Matrix LED y los intermitentes din\u00e1micos ya habituales en Audi no pod\u00edan falta en un modelo de esta categor\u00eda.<\/p>\n<p><strong>Interior deportivo de lujo<\/strong><\/p>\n<p>El interior del S8 Plus est\u00e1 cargado de detalles, tiene\u00a0<strong>tapicer\u00eda de cuero negro <\/strong>que\u00a0contrasta con sus\u00a0<strong>costuras \u00a0en rojo<\/strong> y ribetes en los asientos del mismo color. Es un coche equipado y espacioso, de serie incluye el paquete de asistencia con <strong>Audi presense plus, climatizador autom\u00e1tico<\/strong> de cuatro zonas, <strong>sistema de sonido Bose surround system<\/strong> y el <strong>MMI Navigation plus<\/strong> con MMI touch.<\/p>\n<p>Solo nos queda una duda por resolver \u00bfpara cu\u00e1ndo estar\u00e1 listo? Pues ya no queda nada porque lo tendremos <strong>disponible a finales de \u00a0este mes<\/strong>.<\/p>\n","protected":false},"excerpt":{"rendered":"<p>Boquiabiertos nos hemos quedado con lo nuevo de la marca alemana, el Audi S8 Plus \u00bfpor qu\u00e9? 605 CV, 305 km\/h y de 0 a 100 en 3,8 segundos y<\/p>\n","protected":false},"author":6,"featured_media":6725,"comment_status":"closed","ping_status":"open","sticky":false,"template":"","format":"standard","meta":{"footnotes":""},"categories":[8],"tags":[18,758,71],"class_list":["post-6723","post","type-post","status-publish","format-standard","has-post-thumbnail","hentry","category-lanzamientos","tag-audi","tag-audi-s8-plus","tag-deportivo"],"_links":{"self":[{"href":"https:\/\/www.sibuscascoche.com\/noticias\/wp-json\/wp\/v2\/posts\/6723","targetHints":{"allow":["GET"]}}],"collection":[{"href":"https:\/\/www.sibuscascoche.com\/noticias\/wp-json\/wp\/v2\/posts"}],"about":[{"href":"https:\/\/www.sibuscascoche.com\/noticias\/wp-json\/wp\/v2\/types\/post"}],"author":[{"embeddable":true,"href":"https:\/\/www.sibuscascoche.com\/noticias\/wp-json\/wp\/v2\/users\/6"}],"replies":[{"embeddable":true,"href":"https:\/\/www.sibuscascoche.com\/noticias\/wp-json\/wp\/v2\/comments?post=6723"}],"version-history":[{"count":4,"href":"https:\/\/www.sibuscascoche.com\/noticias\/wp-json\/wp\/v2\/posts\/6723\/revisions"}],"predecessor-version":[{"id":6866,"href":"https:\/\/www.sibuscascoche.com\/noticias\/wp-json\/wp\/v2\/posts\/6723\/revisions\/6866"}],"wp:featuredmedia":[{"embeddable":true,"href":"https:\/\/www.sibuscascoche.com\/noticias\/wp-json\/wp\/v2\/media\/6725"}],"wp:attachment":[{"href":"https:\/\/www.sibuscascoche.com\/noticias\/wp-json\/wp\/v2\/media?parent=6723"}],"wp:term":[{"taxonomy":"category","embeddable":true,"href":"https:\/\/www.sibuscascoche.com\/noticias\/wp-json\/wp\/v2\/categories?post=6723"},{"taxonomy":"post_tag","embeddable":true,"href":"https:\/\/www.sibuscascoche.com\/noticias\/wp-json\/wp\/v2\/tags?post=6723"}],"curies":[{"name":"wp","href":"https:\/\/api.w.org\/{rel}","templated":true}]}}