{"id":6582,"date":"2015-10-09T13:46:57","date_gmt":"2015-10-09T11:46:57","guid":{"rendered":"https:\/\/www.sibuscascoche.com\/noticias\/?p=6582"},"modified":"2015-10-19T17:29:36","modified_gmt":"2015-10-19T15:29:36","slug":"kia-gt-concept","status":"publish","type":"post","link":"https:\/\/www.sibuscascoche.com\/noticias\/2015\/kia-gt-concept\/","title":{"rendered":"Kia GT Concept\u2026\u00a1queremos verte!"},"content":{"rendered":"<p style=\"text-align: left;\"><span style=\"line-height: 1.5em;\"><strong>Hace tiempo que el Kia GT Concept nos rondaba<\/strong>. Nos rondaba pero nunca se decid\u00eda a dar el paso. Hasta hoy. Aquel modelo presentado en el Sal\u00f3n de Frankfurt del 2011 <strong>puede llegar a producci\u00f3n<\/strong> y hacerlo de hecho con una imagen nueva y renovada. Puede que pierda las puertas traseras con bisagras y las llantas de fibra de carbono que luc\u00eda en el primer prototipo. Un modelo especial y que define sin duda la nueva l\u00ednea de dise\u00f1o que marcar\u00e1 la casa Kia. Los coches ahora podr\u00edan llegar a ser apetecibles y muy pasionales.<\/span><\/p>\n<p style=\"text-align: left;\"><img loading=\"lazy\" decoding=\"async\" class=\"alignright size-full wp-image-6585\" alt=\"coches ocasi\u00f3n \" src=\"https:\/\/www.sibuscascoche.com\/noticias\/wp-content\/uploads\/2015\/10\/interior_kia_concept.jpg\" width=\"373\" height=\"200\" srcset=\"https:\/\/www.sibuscascoche.com\/noticias\/wp-content\/uploads\/2015\/10\/interior_kia_concept.jpg 373w, https:\/\/www.sibuscascoche.com\/noticias\/wp-content\/uploads\/2015\/10\/interior_kia_concept-300x160.jpg 300w\" sizes=\"auto, (max-width: 373px) 100vw, 373px\" \/>Un concept con carrocer\u00eda de cuatro puertas <strong>con rasgos elegantes pero agresivos<\/strong> y con un motor V6 de 3,3 litros y 395 CV asociado a una caja de cambios autom\u00e1tica de ocho velocidades. Si la mand\u00edbula ya la tienes desencajada, llega la sorpresa: <strong>tracci\u00f3n trasera, lo que deja ver sus aspiraciones deportivas.<\/strong> Este modelo\u2026va en serio.<\/p>\n<p style=\"text-align: left;\">Y es que seg\u00fan las palabras de Peter Schreyer, jefe de dise\u00f1o de la marca, la idea de crear un Kia con motor delantero y tracci\u00f3n trasera no es algo nuevo sino que se trata de un concepto que ronda en su cabeza desde hace tiempo y los ingenieros son conscientes de que esta configuraci\u00f3n atrae a muchos clientes.<\/p>\n<p style=\"text-align: left;\"><strong>Habr\u00e1 elementos \u00fanicos y exclusivos del Kia GT Concept<\/strong> como sus llantas de fibra de carbono, la toma de aire delantera y el difusor trasero. <strong>Pero tambi\u00e9n nuevas tecnolog\u00edas como la c\u00e1mara de visi\u00f3n trasera<\/strong> que incorpora a modo de retrovisores exteriores. Por si fuera poco tambi\u00e9n llama la atenci\u00f3n la pieza de cobre que empieza en el pilar A y que recorre toda la l\u00ednea del techo hasta llegar a la parte trasera y que contrasta con el gris que tinta la carrocer\u00eda Concept.<\/p>\n<p style=\"text-align: left;\">Casi cuatro a\u00f1os han tenido que pasar para que este modelo quiera ver la luz. Pero \u00bfQu\u00e9 podemos decir? \u00a1VIVA!<\/p>\n<p style=\"text-align: right;\">\n","protected":false},"excerpt":{"rendered":"<p>Hace tiempo que el Kia GT Concept nos rondaba. Nos rondaba pero nunca se decid\u00eda a dar el paso. Hasta hoy. Aquel modelo presentado en el Sal\u00f3n de Frankfurt del<\/p>\n","protected":false},"author":1,"featured_media":6584,"comment_status":"closed","ping_status":"open","sticky":false,"template":"","format":"standard","meta":{"footnotes":""},"categories":[1],"tags":[734],"class_list":["post-6582","post","type-post","status-publish","format-standard","has-post-thumbnail","hentry","category-actualidad","tag-kia-gt-concept"],"_links":{"self":[{"href":"https:\/\/www.sibuscascoche.com\/noticias\/wp-json\/wp\/v2\/posts\/6582","targetHints":{"allow":["GET"]}}],"collection":[{"href":"https:\/\/www.sibuscascoche.com\/noticias\/wp-json\/wp\/v2\/posts"}],"about":[{"href":"https:\/\/www.sibuscascoche.com\/noticias\/wp-json\/wp\/v2\/types\/post"}],"author":[{"embeddable":true,"href":"https:\/\/www.sibuscascoche.com\/noticias\/wp-json\/wp\/v2\/users\/1"}],"replies":[{"embeddable":true,"href":"https:\/\/www.sibuscascoche.com\/noticias\/wp-json\/wp\/v2\/comments?post=6582"}],"version-history":[{"count":5,"href":"https:\/\/www.sibuscascoche.com\/noticias\/wp-json\/wp\/v2\/posts\/6582\/revisions"}],"predecessor-version":[{"id":6589,"href":"https:\/\/www.sibuscascoche.com\/noticias\/wp-json\/wp\/v2\/posts\/6582\/revisions\/6589"}],"wp:featuredmedia":[{"embeddable":true,"href":"https:\/\/www.sibuscascoche.com\/noticias\/wp-json\/wp\/v2\/media\/6584"}],"wp:attachment":[{"href":"https:\/\/www.sibuscascoche.com\/noticias\/wp-json\/wp\/v2\/media?parent=6582"}],"wp:term":[{"taxonomy":"category","embeddable":true,"href":"https:\/\/www.sibuscascoche.com\/noticias\/wp-json\/wp\/v2\/categories?post=6582"},{"taxonomy":"post_tag","embeddable":true,"href":"https:\/\/www.sibuscascoche.com\/noticias\/wp-json\/wp\/v2\/tags?post=6582"}],"curies":[{"name":"wp","href":"https:\/\/api.w.org\/{rel}","templated":true}]}}