{"id":6447,"date":"2015-09-25T08:00:43","date_gmt":"2015-09-25T06:00:43","guid":{"rendered":"https:\/\/www.sibuscascoche.com\/noticias\/?p=6447"},"modified":"2015-09-09T13:59:01","modified_gmt":"2015-09-09T11:59:01","slug":"bicicleta-coche-hazlo-bien","status":"publish","type":"post","link":"https:\/\/www.sibuscascoche.com\/noticias\/2015\/bicicleta-coche-hazlo-bien\/","title":{"rendered":"\u00bfLlevas la bicicleta en el coche? \u00a1Hazlo bien!"},"content":{"rendered":"<p>Varias encuestas aseguran que los espa\u00f1oles no transportamos bien las bicicletas en el coche. Resulta un poco alarmante, y es que si decidimos transportar una bicicleta es obligatorio hacerlo bien. Existen riesgos, tanto de <strong>seguridad<\/strong> como de <strong>consecuencias legales<\/strong>, que debes tener en cuenta.<\/p>\n<p><img loading=\"lazy\" decoding=\"async\" class=\"alignright size-full wp-image-6449\" alt=\"bicicleta, transportar bicicleta, coche ocasion, coche segunda mano\" src=\"https:\/\/www.sibuscascoche.com\/noticias\/wp-content\/uploads\/2015\/08\/transportar-bicicletas-interior.jpg\" width=\"300\" height=\"200\" \/>Transportar incorrectamente nuestra bicicleta est\u00e1 penalizado con <strong>multas<\/strong> que pueden alcanzar los 100 \u20ac, pudiendo aumentar hasta un 30% en funci\u00f3n de algunos agravantes. Algunas condiciones de la carga pueden ser consideradas como <strong>conducci\u00f3n negligente<\/strong>, pasando a ser una infracci\u00f3n grave.<\/p>\n<p>Es com\u00fan que se piense que est\u00e1 prohibido llevar la bicicleta en el interior del coche, pero podemos llevarla tanto dentro del maletero como en el habit\u00e1culo interior, siempre y cuando quede totalmente\u00a0<b>aislada del asiento de los pasajeros<\/b>\u00a0y est\u00e9 <strong>perfectamente sujeta<\/strong>.\u00a0No debemos olvidarnos de que tener un accidente con una bicicleta dentro del coche es muy <strong>peligroso<\/strong>. Si vas a transportarla en el interior del habit\u00e1culo, es necesario que tomes las siguientes <strong>precauciones<\/strong>:<\/p>\n<ul>\n<li>La bicicleta no debe obstaculizar la\u00a0<b>visibilidad<\/b>\u00a0del conductor ni tocar su asiento.<\/li>\n<li>Asegura la bicicleta con alg\u00fan<strong> elemento de retenci\u00f3n<\/strong> que evite que se mueva en curvas, frenazos, baches\u2026<\/li>\n<li>Llevar la bicicleta en el <strong>interior como \u00faltimo recurso<\/strong>, s\u00f3lo para desplazamientos cortos. Cuando transportes una o varias bicicletas de forma habitual, hazlo con un sistema de transporte exterior como los que te mostramos a continuaci\u00f3n.<\/li>\n<\/ul>\n<p><b>Portabicis de techo<\/b><\/p>\n<p>Es el sistema m\u00e1s popular, son los\u00a0<b>m\u00e1s econ\u00f3micos<\/b>\u00a0(puedes encontrarlos a partir de los 60 euros) y <b>puedes dejarlos instalados<\/b>\u00a0en el coche. Adem\u00e1s, una vez desmontado, ocupan poco espacio.<\/p>\n<p>En su contra, <b>reducen la aerodin\u00e1mica<\/b>\u00a0del coche (lo que aumenta su consumo) y aumentan la altura del veh\u00edculo y por lo que deber\u00e1s tener precauci\u00f3n en zonas con techo bajo (garajes o estaciones de servicio, por ejemplo).<\/p>\n<p><b>Portabicis de port\u00f3n trasero<\/b><\/p>\n<p>Se trata de un sistema de barras articuladas para llevar varias bicicletas (entre dos y cuatro), que se instala en la <strong>parte trasera<\/strong> del coche, sujet\u00e1ndola con ganchos y cintas. Su coste tambi\u00e9n suele ser bajo (a partir de 60 euros) y resulta mucho m\u00e1s <strong>f\u00e1cil subir y bajar las bicicletas<\/strong> que con el portabicis de techo.<\/p>\n<p>En su contra, ocupan m\u00e1s espacio a la hora de guardarlos y su\u00a0<b>montaje es m\u00e1s complejo<\/b>\u00a0(tambi\u00e9n\u00a0<b>limitan el acceso al maletero<\/b>). Su uso implica cumplir las normas, <b>se\u00f1alizando la carga trasera <\/b>correctamente, esto es, con una placa V-20. Adem\u00e1s, seg\u00fan las normas, no puede tapar la matr\u00edcula ni los pilotos traseros y tampoco puede sobresalir por los laterales del coche.<\/p>\n<p><b>Portabicis de bola de remolque<\/b><\/p>\n<p>Requieren la instalaci\u00f3n de una bola de remolque, ya que sobre ella se instala la plataforma, donde se acoplan las bicis. Esta plataforma suele contar con sus propios pilotos y portamatr\u00edcula. Es el sistema m\u00e1s\u00a0<b>f\u00e1cil para subir y bajar las bicicletas<\/b>, y permite abrir el maletero.<\/p>\n<p>Por el contrario, el<b> precio<\/b>\u00a0se incrementa (cuestan sobre 160 euros, m\u00e1s el coste de instalaci\u00f3n de la bola de remolque) y aumenta la longitud del veh\u00edculo. Adem\u00e1s, a la hora de guardarlos ocupan mayor espacio.<\/p>\n","protected":false},"excerpt":{"rendered":"<p>Varias encuestas aseguran que los espa\u00f1oles no transportamos bien las bicicletas en el coche. Resulta un poco alarmante, y es que si decidimos transportar una bicicleta es obligatorio hacerlo bien.<\/p>\n","protected":false},"author":1,"featured_media":6448,"comment_status":"closed","ping_status":"open","sticky":false,"template":"","format":"standard","meta":{"footnotes":""},"categories":[1],"tags":[708],"class_list":["post-6447","post","type-post","status-publish","format-standard","has-post-thumbnail","hentry","category-actualidad","tag-transportar-bicicleta"],"_links":{"self":[{"href":"https:\/\/www.sibuscascoche.com\/noticias\/wp-json\/wp\/v2\/posts\/6447","targetHints":{"allow":["GET"]}}],"collection":[{"href":"https:\/\/www.sibuscascoche.com\/noticias\/wp-json\/wp\/v2\/posts"}],"about":[{"href":"https:\/\/www.sibuscascoche.com\/noticias\/wp-json\/wp\/v2\/types\/post"}],"author":[{"embeddable":true,"href":"https:\/\/www.sibuscascoche.com\/noticias\/wp-json\/wp\/v2\/users\/1"}],"replies":[{"embeddable":true,"href":"https:\/\/www.sibuscascoche.com\/noticias\/wp-json\/wp\/v2\/comments?post=6447"}],"version-history":[{"count":2,"href":"https:\/\/www.sibuscascoche.com\/noticias\/wp-json\/wp\/v2\/posts\/6447\/revisions"}],"predecessor-version":[{"id":6516,"href":"https:\/\/www.sibuscascoche.com\/noticias\/wp-json\/wp\/v2\/posts\/6447\/revisions\/6516"}],"wp:featuredmedia":[{"embeddable":true,"href":"https:\/\/www.sibuscascoche.com\/noticias\/wp-json\/wp\/v2\/media\/6448"}],"wp:attachment":[{"href":"https:\/\/www.sibuscascoche.com\/noticias\/wp-json\/wp\/v2\/media?parent=6447"}],"wp:term":[{"taxonomy":"category","embeddable":true,"href":"https:\/\/www.sibuscascoche.com\/noticias\/wp-json\/wp\/v2\/categories?post=6447"},{"taxonomy":"post_tag","embeddable":true,"href":"https:\/\/www.sibuscascoche.com\/noticias\/wp-json\/wp\/v2\/tags?post=6447"}],"curies":[{"name":"wp","href":"https:\/\/api.w.org\/{rel}","templated":true}]}}