{"id":6420,"date":"2015-09-18T08:00:41","date_gmt":"2015-09-18T06:00:41","guid":{"rendered":"https:\/\/www.sibuscascoche.com\/noticias\/?p=6420"},"modified":"2017-04-07T12:41:00","modified_gmt":"2017-04-07T10:41:00","slug":"revision-coches-marcas-2015","status":"publish","type":"post","link":"https:\/\/www.sibuscascoche.com\/noticias\/2015\/revision-coches-marcas-2015\/","title":{"rendered":"Coches llamados a revisi\u00f3n por las marcas en 2015"},"content":{"rendered":"<p style=\"text-align: left;\"><span style=\"line-height: 1.5em;\">Pasada ya la mitad del 2015 echamos la vista a estos meses de atr\u00e1s y nos encontramos con <strong><a href=\"https:\/\/www.sibuscascoche.com\/coches-ocasion\">m\u00e1s de 70 modelos de veh\u00edculos<\/a> que han sido llamados a revisi\u00f3n<\/strong> por sus marcas este a\u00f1o. El Instituto Nacional de Consumo es el organismo encargado de detectar y revisar para posteriormente comunicar todos aquellos \u201cproblemas\u201d o defectos que localice en los veh\u00edculos. Despu\u00e9s alertar\u00e1 al fabricante para que este ponga en sobre aviso a los clientes para su conocimiento general. <strong>\u00bfCu\u00e1les han sido algunos de los veh\u00edculos? \u00bfCu\u00e1les los defectos? \u00bfQu\u00e9 es lo que se ha detectado?<\/strong> Vamos all\u00e1:<\/span><\/p>\n<p style=\"text-align: left;\"><strong>&#8211; Audi<\/strong> (A4, A5, A5 Cabriolet, A6, A7, A8, Q7 y Q5 en los a\u00f1os 2011-2013). El problema es que existe la posibilidad de fuga de combustible en el sistema de inyecci\u00f3n lo que puede provocar en casos aislados el percibir el olor a combustible. \u00bfSoluci\u00f3n? Contactar con todos los propietarios para comprobar si los bastidores est\u00e1n afectados y en caso afirmativo efectuar una revisi\u00f3n.<\/p>\n<p style=\"text-align: left;\"><strong>&#8211; Chevrolet Malibu.<\/strong> Presentaba problemas las hebillas de los cinturones de seguridad que podr\u00edan no haberse colocado correctamente, la empresa comunic\u00f3 el problema a los posibles usuarios afectados.<\/p>\n<p>&nbsp;<\/p>\n<p style=\"text-align: left;\"><strong>&#8211; Honda CR-V,<\/strong> los fabricados entre 2013 y 2014. <img loading=\"lazy\" decoding=\"async\" class=\"size-full wp-image-10851 alignright\" alt=\"coches ocasi\u00f3n\" src=\"https:\/\/www.sibuscascoche.com\/noticias\/wp-content\/uploads\/2015\/09\/honda-CR-V-2016-llamado-a-revision.jpg\" width=\"300\" height=\"200\" \/> El sistema de prevenci\u00f3n de impactos\u00a0podr\u00eda activar los frenos del veh\u00edculo por lo que desde Honda se comunic\u00f3 con los concesionarios y propietarios afectados para realizar una actualizaci\u00f3n del software de la unidad electr\u00f3nica afectada.<\/p>\n<p style=\"text-align: left;\"><strong>&#8211; Opel.<\/strong> (Adam 2013-2015, Antara 2011-2015, Astra J 2010-2011, Corsa D 2014, Insignia, Mokka 2015, Meriva 2014-2015 y Vivaro B 2015). Entre los defectos encontrados se encontraban las llantas, defectos en la cubierta interior del compartimento del motor o la desviaci\u00f3n del m\u00f3dulo de control el\u00e9ctrico. Todos ellos solventados por parte de Opel comunic\u00e1ndose con los propietarios e invit\u00e1ndoles a comunicarse con el Reparador autorizado para solucionar el problema.<\/p>\n<p style=\"text-align: left;\"><strong>&#8211; Renault.<\/strong> (Captur, Clio4, Trafic III y Twingo III). Freno delantero, fuga de carburante o mal funcionamiento del limpiaparabrisas son algunos de los problemas que presentaban estos modelos. \u00bfLa soluci\u00f3n? Desde Renault se contact\u00f3 con los propietarios de sus veh\u00edculos para solventar todos estos problemas.<\/p>\n<p style=\"text-align: left;\"><strong>&#8211; Nissan.<\/strong> (Micra K13, Almera, Almera Tino, Terrano, Qashqai). Problemas con el software en algunos modelos, alg\u00fan inconveniente con el pulsador de arranque pero problemas sin importancia que la empresa solvent\u00f3 advirtiendo los problemas y contactando con los propietarios para arreglarlo.<\/p>\n<p style=\"text-align: left;\"><strong>&#8211; Volkswagen.<\/strong> Presentaba problemas con varios de sus modelos como el Amarok, Crafter, Jetta, Beetle, Golf, Passat, Polo GP 2014-2015 o Touareg. Pero solo en tiradas espec\u00edficas y por parte de la empresa <a href=\"http:\/\/www.volkswagen-audi-espana.es\/\" target=\"_blank\" rel=\"noopener\"><span style=\"color: #0071b9;\">Volkswagen-Audi Espa\u00f1a<\/span><\/a> se comunic\u00f3 el problema a todos los propietarios para proceder a la sustituci\u00f3n de las piezas afectadas en sus modelos y solventar cualquier problema que pudieran tener.<\/p>\n","protected":false},"excerpt":{"rendered":"<p>Pasada ya la mitad del 2015 echamos la vista a estos meses de atr\u00e1s y nos encontramos con m\u00e1s de 70 modelos de veh\u00edculos que han sido llamados a revisi\u00f3n<\/p>\n","protected":false},"author":1,"featured_media":10850,"comment_status":"closed","ping_status":"open","sticky":false,"template":"","format":"standard","meta":{"footnotes":""},"categories":[1],"tags":[288],"class_list":["post-6420","post","type-post","status-publish","format-standard","has-post-thumbnail","hentry","category-actualidad","tag-revision"],"_links":{"self":[{"href":"https:\/\/www.sibuscascoche.com\/noticias\/wp-json\/wp\/v2\/posts\/6420","targetHints":{"allow":["GET"]}}],"collection":[{"href":"https:\/\/www.sibuscascoche.com\/noticias\/wp-json\/wp\/v2\/posts"}],"about":[{"href":"https:\/\/www.sibuscascoche.com\/noticias\/wp-json\/wp\/v2\/types\/post"}],"author":[{"embeddable":true,"href":"https:\/\/www.sibuscascoche.com\/noticias\/wp-json\/wp\/v2\/users\/1"}],"replies":[{"embeddable":true,"href":"https:\/\/www.sibuscascoche.com\/noticias\/wp-json\/wp\/v2\/comments?post=6420"}],"version-history":[{"count":11,"href":"https:\/\/www.sibuscascoche.com\/noticias\/wp-json\/wp\/v2\/posts\/6420\/revisions"}],"predecessor-version":[{"id":10854,"href":"https:\/\/www.sibuscascoche.com\/noticias\/wp-json\/wp\/v2\/posts\/6420\/revisions\/10854"}],"wp:featuredmedia":[{"embeddable":true,"href":"https:\/\/www.sibuscascoche.com\/noticias\/wp-json\/wp\/v2\/media\/10850"}],"wp:attachment":[{"href":"https:\/\/www.sibuscascoche.com\/noticias\/wp-json\/wp\/v2\/media?parent=6420"}],"wp:term":[{"taxonomy":"category","embeddable":true,"href":"https:\/\/www.sibuscascoche.com\/noticias\/wp-json\/wp\/v2\/categories?post=6420"},{"taxonomy":"post_tag","embeddable":true,"href":"https:\/\/www.sibuscascoche.com\/noticias\/wp-json\/wp\/v2\/tags?post=6420"}],"curies":[{"name":"wp","href":"https:\/\/api.w.org\/{rel}","templated":true}]}}