{"id":6392,"date":"2015-09-04T08:00:49","date_gmt":"2015-09-04T06:00:49","guid":{"rendered":"https:\/\/www.sibuscascoche.com\/noticias\/?p=6392"},"modified":"2015-09-07T16:30:15","modified_gmt":"2015-09-07T14:30:15","slug":"coches-mas-rebajados-verano","status":"publish","type":"post","link":"https:\/\/www.sibuscascoche.com\/noticias\/2015\/coches-mas-rebajados-verano\/","title":{"rendered":"Los coches m\u00e1s rebajados de este verano"},"content":{"rendered":"<p style=\"text-align: left;\"><span style=\"line-height: 1.5em;\">Ya se sabe c\u00f3mo es la \u00e9poca de rebajas.<strong> \u00bfPor qu\u00e9 no tambi\u00e9n para los coches?<\/strong> El descuento medio en concesionario durante julio rondaba el 12,3% mientras que en el mes de junio se colocaba en un 11,9%.\u00a0 Veamos cu\u00e1les han sido los coches m\u00e1s rebajados este verano:<\/span><\/p>\n<p style=\"text-align: left;\">&#8211; Los <strong>microurbanos<\/strong> presentan un descuento medio de 15,2%. Incre\u00edble el descuento del Peugeot 108 con motor Puretech y acabado active: un 40%. Y en segunda posici\u00f3n el Skoda Citigo con un motor 1.0 de 60 CV y acabado Active. Por \u00faltimo en tercera posici\u00f3n el Kia Picanto.<\/p>\n<p style=\"text-align: left;\">&#8211; <strong>Un 11,5% de descuento medio para los microurbanos cabrio.<\/strong> Repite en el Top One el Opel Adam Rocks que pod\u00eda encontrarse en julio con un descuento de hasta un 35,9%. En segunda posici\u00f3n el Peugeot 108 TOP! Con motor 1.2 puretech y acabado Allure. Y para acabar el Fiat 500C con acabado Pop, el m\u00e1s b\u00e1sico y con motor 1.2.<\/p>\n<p style=\"text-align: left;\"><img loading=\"lazy\" decoding=\"async\" class=\"alignright size-full wp-image-6394\" alt=\"coches ocasi\u00f3n\" src=\"https:\/\/www.sibuscascoche.com\/noticias\/wp-content\/uploads\/2015\/08\/interior_descuentos.jpg\" width=\"300\" height=\"200\" \/>&#8211;<strong> Compactos familiares<\/strong> con el Peugeot 308 SW en cabeza y un descuento medio en la categor\u00eda de 12,9%.<\/p>\n<p style=\"text-align: left;\">&#8211; <strong>Compactos descapotables.<\/strong> Repite el Megane Coup\u00e9 Cabrio con descuentos que alcanzan el 25,5%. El descuento medio en esta gama es del 7,6%.<\/p>\n<p style=\"text-align: left;\">&#8211; <strong>Monovol\u00famenes compactos<\/strong>. Descuento medio de 11,7% y destacando el Peugeot 3008 con un descuento m\u00e1ximo del 38,25%.<\/p>\n<p style=\"text-align: left;\">&#8211; <strong>SUV compactos<\/strong> con descuento medio del 10,1%. \u00bfEl mejor precio? Citro\u00ebn C4 Aircross que sal\u00eda por un 35% menos que el precio que recomendaba el fabricante.<\/p>\n<p style=\"text-align: left;\"><strong>&#8211; El Peugeot 508 es el claro dominante en la categor\u00eda de Berlinas medias<\/strong> con un descuento medio en la misma del 11%.<\/p>\n<p style=\"text-align: left;\"><strong>&#8211; Coches familiares medianos<\/strong> con un descuento medio del 10,7% y con el Peugeot 508 SW con descuentos que oscilan entre el 34,6% y el 30,4%.<\/p>\n<p style=\"text-align: left;\">&#8211; El Renault Laguna Coup\u00e9 sigue presentando el mejor descuento en la gama de los <strong>coup\u00e9s medianos<\/strong> en la que el descuento medio es del 9,7%.<\/p>\n<p style=\"text-align: left;\"><strong>&#8211; Descapotables medianos<\/strong> con descuento medio del 8,4% y de nuevo con el Opel Cabrio conquistando esta categor\u00eda.<\/p>\n<p style=\"text-align: left;\"><strong>&#8211; Los monovol\u00famenes grandes<\/strong> se llevan una rebaja del 10,8% con ofertas muy interesantes entre las que destaca el reci\u00e9n lanzado Volkswagen Sharan.<\/p>\n<p style=\"text-align: left;\"><strong>&#8211; SUV familiar<\/strong> con un descuento medio del 8,2% y con el Opel Antara como el n\u00famero uno un mes m\u00e1s en lo que a rebaja se refiere.<\/p>\n<p style=\"text-align: left;\">&#8211; En<strong> Berlinas grandes<\/strong> el descuento medio es de 8,6% y por tercer mes consecutivo el modelo con mayor descuento es el Jaguar XF, seguido del Volvo S80.<\/p>\n<p style=\"text-align: left;\"><strong>&#8211; Familiares grandes,<\/strong> 8,6% de descuento. En cabeza \u201cde carrera\u201d tenemos al Jaguar XF Sportbrake con un acabado b\u00e1sico (Classic).<\/p>\n","protected":false},"excerpt":{"rendered":"<p>Ya se sabe c\u00f3mo es la \u00e9poca de rebajas. \u00bfPor qu\u00e9 no tambi\u00e9n para los coches? El descuento medio en concesionario durante julio rondaba el 12,3% mientras que en el<\/p>\n","protected":false},"author":1,"featured_media":6393,"comment_status":"closed","ping_status":"open","sticky":false,"template":"","format":"standard","meta":{"footnotes":""},"categories":[1],"tags":[716,717],"class_list":["post-6392","post","type-post","status-publish","format-standard","has-post-thumbnail","hentry","category-actualidad","tag-descuentos","tag-rebajas"],"_links":{"self":[{"href":"https:\/\/www.sibuscascoche.com\/noticias\/wp-json\/wp\/v2\/posts\/6392","targetHints":{"allow":["GET"]}}],"collection":[{"href":"https:\/\/www.sibuscascoche.com\/noticias\/wp-json\/wp\/v2\/posts"}],"about":[{"href":"https:\/\/www.sibuscascoche.com\/noticias\/wp-json\/wp\/v2\/types\/post"}],"author":[{"embeddable":true,"href":"https:\/\/www.sibuscascoche.com\/noticias\/wp-json\/wp\/v2\/users\/1"}],"replies":[{"embeddable":true,"href":"https:\/\/www.sibuscascoche.com\/noticias\/wp-json\/wp\/v2\/comments?post=6392"}],"version-history":[{"count":7,"href":"https:\/\/www.sibuscascoche.com\/noticias\/wp-json\/wp\/v2\/posts\/6392\/revisions"}],"predecessor-version":[{"id":6473,"href":"https:\/\/www.sibuscascoche.com\/noticias\/wp-json\/wp\/v2\/posts\/6392\/revisions\/6473"}],"wp:featuredmedia":[{"embeddable":true,"href":"https:\/\/www.sibuscascoche.com\/noticias\/wp-json\/wp\/v2\/media\/6393"}],"wp:attachment":[{"href":"https:\/\/www.sibuscascoche.com\/noticias\/wp-json\/wp\/v2\/media?parent=6392"}],"wp:term":[{"taxonomy":"category","embeddable":true,"href":"https:\/\/www.sibuscascoche.com\/noticias\/wp-json\/wp\/v2\/categories?post=6392"},{"taxonomy":"post_tag","embeddable":true,"href":"https:\/\/www.sibuscascoche.com\/noticias\/wp-json\/wp\/v2\/tags?post=6392"}],"curies":[{"name":"wp","href":"https:\/\/api.w.org\/{rel}","templated":true}]}}