{"id":6167,"date":"2015-08-28T08:00:26","date_gmt":"2015-08-28T06:00:26","guid":{"rendered":"https:\/\/www.sibuscascoche.com\/noticias\/?p=6167"},"modified":"2015-09-04T16:13:33","modified_gmt":"2015-09-04T14:13:33","slug":"mercedes-benz-gle-estiloso","status":"publish","type":"post","link":"https:\/\/www.sibuscascoche.com\/noticias\/2015\/mercedes-benz-gle-estiloso\/","title":{"rendered":"Mercedes Benz GLE, el estiloso"},"content":{"rendered":"<p style=\"text-align: left;\">Hubo un d\u00eda en el que <span style=\"color: #0071b9;\"><a href=\"https:\/\/www.sibuscascoche.com\/coches-ocasion\/mercedes\"><span style=\"color: #0071b9;\">Mercedes<\/span><\/a><\/span> decidi\u00f3 cambiar la nomenclatura de sus SUV para hacerla m\u00e1s comprensible y f\u00e1cil de clasificar: <b>Mercedes Benz GLE.<\/b><\/p>\n<p style=\"text-align: left;\"><b><\/b>La idea es que todos los veh\u00edculos de este estilo aparezcan con las siglas GL a la que <b>a\u00f1adir una tercera letra que identificar\u00e1 la plataforma y en consecuencia, su tama\u00f1o. <\/b>El GLA es la versi\u00f3n m\u00e1s campera del Clase A, el GLK pasar\u00e1 a llamarse GLC y as\u00ed con el resto. De esta forma los grandes todoterrenos ML y GL se convierten en GLE y GLS.<\/p>\n<p style=\"text-align: left;\"><img loading=\"lazy\" decoding=\"async\" class=\"alignright size-full wp-image-6170\" alt=\"coches ocasi\u00f3n \" src=\"https:\/\/www.sibuscascoche.com\/noticias\/wp-content\/uploads\/2015\/08\/interior-mercedes_benz_Gle.jpg\" width=\"300\" height=\"200\" \/>El Mercedes Benz GLE presenta<b> carrocer\u00eda tradicional y est\u00e1 claramente orientado al confort y uso de todoterreno.<\/b> Corte cl\u00e1sico con aspecto atractivo y en consonancia con las \u00faltimas creaciones del fabricante de Suttgart. <b>Frontal poderoso y aspecto imponente. <\/b>En la parte delantera presenta la parrilla del radiador con dos barras cromadas que la dividen horizontalmente. Mide 4,82 metros de longitud, 1,84 metros de alto y tiene una anchura de 1,94 metros.<\/p>\n<p style=\"text-align: left;\">Al interior encontramos una pantalla m\u00e1s grande parcialmente integrada en lo alto del salpicadero, nuevas molduras en los aireadores y el controlador Comand con el Touchpad en la consola central situado en una posici\u00f3n m\u00e1s ergon\u00f3mica.<\/p>\n<p style=\"text-align: left;\"><b>Nuevos colores con diferentes acabados<\/b> para los asientos y embellecedores para el salpicadero y las puertas elevan a\u00fan m\u00e1s la <b>excelente calidad de este SUV.<\/b><\/p>\n<p style=\"text-align: left;\"><b>\u00bfLa mec\u00e1nica? Hasta 8 variantes<\/b>: en diesel tenemos GLE 250d y GLE 250d 4Matic (motor 4 cilindros y 204 CV) con la peculiaridad de que la primera es la \u00fanica opci\u00f3n 4&#215;2 que existe en toda la gama adem\u00e1s del GLE 350d 4 Matic con mec\u00e1nica V6 de 258 CV. Pero hay m\u00e1s: en la gama de gasolina tenemos al V6 de 333 CV de la versi\u00f3n 400 4Matic. A un paso por delante se sit\u00faan los V8 de los GLE 500 4Matic, GLE 63 4matic y GLE 63 S 4Matic.<\/p>\n<p style=\"text-align: left;\">Lo mejor siempre se deja para el final \u00bfverdad? <a href=\"http:\/\/www.mercedes-benz.es\/content\/spain\/mpc\/mpc_spain_website\/es\/home_mpc\/passengercars\/home\/new_cars\/models\/gle-class\/gle_suv\/facts\/drivetrain\/pluginhybrid.html\" target=\"_blank\" rel=\"noopener\"><span style=\"color: #0071b9;\">Versi\u00f3n h\u00edbrida enchufable <\/span><\/a>denominada <b>GLE 500 e 4Matic<\/b> con un motor V6 de gasolina de 333CV y otro el\u00e9ctrico que aporta otros 1160 CV. Un conjunto de 442 CV que se transmiten a las cuatro ruedas mediante la caja autom\u00e1tica 7G Tronic. Una autonom\u00eda de 30 kil\u00f3metros con la posibilidad de circular hasta los 130 km\/h sin emisiones.<\/p>\n<p style=\"text-align: left;\">\u00a1GUAU!<\/p>\n","protected":false},"excerpt":{"rendered":"<p>Hubo un d\u00eda en el que Mercedes decidi\u00f3 cambiar la nomenclatura de sus SUV para hacerla m\u00e1s comprensible y f\u00e1cil de clasificar: Mercedes Benz GLE. La idea es que todos<\/p>\n","protected":false},"author":1,"featured_media":6169,"comment_status":"closed","ping_status":"open","sticky":false,"template":"","format":"standard","meta":{"footnotes":""},"categories":[1,8],"tags":[682,23],"class_list":["post-6167","post","type-post","status-publish","format-standard","has-post-thumbnail","hentry","category-actualidad","category-lanzamientos","tag-mercedes-benz-gle","tag-todoterreno"],"_links":{"self":[{"href":"https:\/\/www.sibuscascoche.com\/noticias\/wp-json\/wp\/v2\/posts\/6167","targetHints":{"allow":["GET"]}}],"collection":[{"href":"https:\/\/www.sibuscascoche.com\/noticias\/wp-json\/wp\/v2\/posts"}],"about":[{"href":"https:\/\/www.sibuscascoche.com\/noticias\/wp-json\/wp\/v2\/types\/post"}],"author":[{"embeddable":true,"href":"https:\/\/www.sibuscascoche.com\/noticias\/wp-json\/wp\/v2\/users\/1"}],"replies":[{"embeddable":true,"href":"https:\/\/www.sibuscascoche.com\/noticias\/wp-json\/wp\/v2\/comments?post=6167"}],"version-history":[{"count":7,"href":"https:\/\/www.sibuscascoche.com\/noticias\/wp-json\/wp\/v2\/posts\/6167\/revisions"}],"predecessor-version":[{"id":6457,"href":"https:\/\/www.sibuscascoche.com\/noticias\/wp-json\/wp\/v2\/posts\/6167\/revisions\/6457"}],"wp:featuredmedia":[{"embeddable":true,"href":"https:\/\/www.sibuscascoche.com\/noticias\/wp-json\/wp\/v2\/media\/6169"}],"wp:attachment":[{"href":"https:\/\/www.sibuscascoche.com\/noticias\/wp-json\/wp\/v2\/media?parent=6167"}],"wp:term":[{"taxonomy":"category","embeddable":true,"href":"https:\/\/www.sibuscascoche.com\/noticias\/wp-json\/wp\/v2\/categories?post=6167"},{"taxonomy":"post_tag","embeddable":true,"href":"https:\/\/www.sibuscascoche.com\/noticias\/wp-json\/wp\/v2\/tags?post=6167"}],"curies":[{"name":"wp","href":"https:\/\/api.w.org\/{rel}","templated":true}]}}