{"id":6059,"date":"2015-08-21T08:00:20","date_gmt":"2015-08-21T06:00:20","guid":{"rendered":"https:\/\/www.sibuscascoche.com\/noticias\/?p=6059"},"modified":"2015-08-10T09:49:45","modified_gmt":"2015-08-10T07:49:45","slug":"mercedes-glc","status":"publish","type":"post","link":"https:\/\/www.sibuscascoche.com\/noticias\/2015\/mercedes-glc\/","title":{"rendered":"Mercedes GLC, contin\u00faa la renovaci\u00f3n"},"content":{"rendered":"<p>Mercedes sigue renovando su gama y de esta vuelta le ha tocado al todocamino compacto GLK, que ha sido sustituido por un nuevo modelo, el GLC. El Mercedes GLC consta de un <b>dise\u00f1o m\u00e1s moderno<\/b> realizado sobre la base del <b>Clase C<\/b> y se presenta bajo diferentes mec\u00e1nicas: <b>motor di\u00e9sel, gasolina e h\u00edbrido enchufable<\/b>.<\/p>\n<p>Tras el anuncio de hace unos meses en el que Mercedes confirmaba nuevas nomenclaturas en sus modelos, que afectar\u00edan en gran medida a sus todocaminos, El GLK se conforma como el segundo modelo de esta gama en renovarse (previamente lo hab\u00eda hecho el ML, sustituido por el GLE y el GLE Coup\u00e9).<\/p>\n<p><img loading=\"lazy\" decoding=\"async\" class=\"size-full wp-image-6063 alignright\" alt=\"mercedes glc, coche ocasi\u00f3n\" src=\"https:\/\/www.sibuscascoche.com\/noticias\/wp-content\/uploads\/2015\/07\/Mercedes-GLC-int.jpg\" width=\"300\" height=\"200\" \/>El GLC es un modelo totalm<span style=\"line-height: 1.5em;\">ente nuevo, en el que han cambiado varias cosas, entre ellas sus medidas. Mide<\/span><b style=\"line-height: 1.5em;\"> 4,66 metros de longitud, 1,89 de anchura y 1,64 de altura<\/b><span style=\"line-height: 1.5em;\">, superando las del anterior modelo. La distancia entre ejes tambi\u00e9n ha aumentado hasta los 2,87 metros, increment\u00e1ndose as\u00ed su habitabilidad interior, de esta forma, se ampl\u00eda 5,7 cent\u00edmetros el espacio para las piernas de los ocupantes de las plazas traseras. A su vez,\u00a0<\/span><b style=\"line-height: 1.5em;\">el maletero tiene una capacidad de 580 litros,<\/b><span style=\"line-height: 1.5em;\">\u00a0ampliables a 1.600 al abatir los respaldos posteriores. Frente al aumento de medidas tenemos la diminuci\u00f3n del peso del veh\u00edculo, hasta <\/span><b style=\"line-height: 1.5em;\">80 kilogramos m\u00e1s ligero.<\/b><\/p>\n<p>La gama del GLC se compone de\u00a0cuatro motores:<b> GLC 220 d, GLC 250 d, GLC 250 y GLC 350 e, con 170, 204, 211 y 320 CV de potencia respectivamente.<\/b>\u00a0Los tres primeros motores ya se ofrec\u00edan en el GLK, pero se han optimizado para mejorar el rendimiento de su consumo (entre un 12 y un 19 por ciento).<\/p>\n<p>Todos est\u00e1n unidos a la<b> tracci\u00f3n total 4MATIC<\/b>\u00a0y a una caja de cambios autom\u00e1tica con convertidor de par de nueve velocidades <b>9G-TRONIC<\/b>, salvo el <b>350 e<\/b>, que ofrece una de siete marchas. El modelo 350 e es la gran novedad, ya que combina una<b> mec\u00e1nica turboalimentada de gasolina <\/b>de 2,0 litros y 211 CV<b> con otra el\u00e9ctrica<\/b>, capaz de llegar a los 116 CV (con una autonom\u00eda m\u00e1xima de 34 kil\u00f3metros y a una velocidad m\u00e1xima de 140 km\/h).<\/p>\n<p>El Mercedes-Benz GLC tambi\u00e9n ofrece una alternativa para rodar fuera del asfalto, se trata del <b>paquete t\u00e9cnico Off-Road. <\/b>Provee al coche de protecciones en los bajos, proporcionando 20 mil\u00edmetros m\u00e1s de altura al suelo, dos programas espec\u00edficos de conducci\u00f3n y control de descenso de pendientes DSR.<\/p>\n<p>El nuevo todocamino GLC ya se ha puesto a la venta a finales del pasado mes de junio, por lo que para los que est\u00e9n pensando en hacerse con un todocamino, puede ser una opci\u00f3n a tener en cuenta.<\/p>\n<p><iframe loading=\"lazy\" src=\"https:\/\/www.youtube.com\/embed\/aLJ6v5TUUzU\" height=\"375\" width=\"660\" allowfullscreen=\"\" frameborder=\"0\"><\/iframe><\/p>\n","protected":false},"excerpt":{"rendered":"<p>Mercedes sigue renovando su gama y de esta vuelta le ha tocado al todocamino compacto GLK, que ha sido sustituido por un nuevo modelo, el GLC. El Mercedes GLC consta<\/p>\n","protected":false},"author":1,"featured_media":6064,"comment_status":"closed","ping_status":"open","sticky":false,"template":"","format":"standard","meta":{"footnotes":""},"categories":[1],"tags":[143,671],"class_list":["post-6059","post","type-post","status-publish","format-standard","has-post-thumbnail","hentry","category-actualidad","tag-mercedes","tag-mercedes-glc"],"_links":{"self":[{"href":"https:\/\/www.sibuscascoche.com\/noticias\/wp-json\/wp\/v2\/posts\/6059","targetHints":{"allow":["GET"]}}],"collection":[{"href":"https:\/\/www.sibuscascoche.com\/noticias\/wp-json\/wp\/v2\/posts"}],"about":[{"href":"https:\/\/www.sibuscascoche.com\/noticias\/wp-json\/wp\/v2\/types\/post"}],"author":[{"embeddable":true,"href":"https:\/\/www.sibuscascoche.com\/noticias\/wp-json\/wp\/v2\/users\/1"}],"replies":[{"embeddable":true,"href":"https:\/\/www.sibuscascoche.com\/noticias\/wp-json\/wp\/v2\/comments?post=6059"}],"version-history":[{"count":5,"href":"https:\/\/www.sibuscascoche.com\/noticias\/wp-json\/wp\/v2\/posts\/6059\/revisions"}],"predecessor-version":[{"id":6066,"href":"https:\/\/www.sibuscascoche.com\/noticias\/wp-json\/wp\/v2\/posts\/6059\/revisions\/6066"}],"wp:featuredmedia":[{"embeddable":true,"href":"https:\/\/www.sibuscascoche.com\/noticias\/wp-json\/wp\/v2\/media\/6064"}],"wp:attachment":[{"href":"https:\/\/www.sibuscascoche.com\/noticias\/wp-json\/wp\/v2\/media?parent=6059"}],"wp:term":[{"taxonomy":"category","embeddable":true,"href":"https:\/\/www.sibuscascoche.com\/noticias\/wp-json\/wp\/v2\/categories?post=6059"},{"taxonomy":"post_tag","embeddable":true,"href":"https:\/\/www.sibuscascoche.com\/noticias\/wp-json\/wp\/v2\/tags?post=6059"}],"curies":[{"name":"wp","href":"https:\/\/api.w.org\/{rel}","templated":true}]}}