{"id":60,"date":"2013-09-14T19:15:23","date_gmt":"2013-09-14T17:15:23","guid":{"rendered":"https:\/\/www.sibuscascoche.com\/noticias\/?p=60"},"modified":"2013-10-02T13:24:11","modified_gmt":"2013-10-02T11:24:11","slug":"bmw-i8-deportivo-mas-avanzado-mundo","status":"publish","type":"post","link":"https:\/\/www.sibuscascoche.com\/noticias\/2013\/bmw-i8-deportivo-mas-avanzado-mundo\/","title":{"rendered":"BMW i8, \u00bfEl deportivo m\u00e1s avanzado del mundo?"},"content":{"rendered":"<p style=\"text-align: justify;\">BMW ha aprovechado el Sal\u00f3n de Frankfurt para presentarnos\u00a0 dos nuevos modelos, el BMW i3 y el BMW i8. \u00a0El primero es un utilitario manejable que est\u00e1 pensado para la movilidad urbana, mientras que el segundo es un impresionante deportivo h\u00edbrido. Cada vez son m\u00e1s las marcas que apuestan por la movilidad sostenible y parece que BMW se ha decidido finalmente a entrar tambi\u00e9n en este nuevo mercado.<\/p>\n<p style=\"text-align: justify;\">Aunque ambos modelos han sorprendido, el i8 es el que ha generado m\u00e1s expectaci\u00f3n. Se trata de un modelo de l\u00edneas aerodin\u00e1micas, est\u00e9tica llamativa y puertas tipo alas, que la marca ha definido como el coche deportivo m\u00e1s avanzado del mundo.<\/p>\n<p style=\"text-align: center;\"><img loading=\"lazy\" decoding=\"async\" class=\"wp-image-62 alignright\" alt=\"bmw i8\" src=\"https:\/\/www.sibuscascoche.com\/noticias\/wp-content\/uploads\/2013\/09\/bmw-i8-300x224.jpg\" width=\"300\" height=\"224\" \/><\/p>\n<p style=\"text-align: justify;\">Combinando las tecnolog\u00edas BMW\u00a0TwinPower\u00a0Turbo y BMW\u00a0eDrive obtiene una potencia del sistema completo de 266 kW\/362 CV. Pasa de 0 a 100 km\/h en 4,4 segundos y su consumo medio es tan solo de 2,5 litros\/100 km. El equipamiento de serie incluye: navegador Professional con gesti\u00f3n previsora del funcionamiento del conjunto propulsor para la conducci\u00f3n puramente el\u00e9ctrica, display digitalizado en tablero de instrumentos, sistema de mando BMW\u00a0iDrive con pantalla Control\u00a0Display independiente, asientos con tapicer\u00eda de piel, cuatro colores exteriores y cuatro variantes de equipamiento interior.<\/p>\n<p>BMW ha querido crear no solo un coche eficiente sino tambi\u00e9n sostenible, es por eso que solamente ha utilizado, en la producci\u00f3n y montaje de este veh\u00edculo, corriente el\u00e9ctrica obtenida de fuentes renovables. Adem\u00e1s, gran parte del i8 se compone de material reciclable y el proceso de obtenci\u00f3n es respetuoso con el medio ambiente.<\/p>\n","protected":false},"excerpt":{"rendered":"<p>BMW ha aprovechado el Sal\u00f3n de Frankfurt para presentarnos\u00a0 dos nuevos modelos, el BMW i3 y el BMW i8. \u00a0El primero es un utilitario manejable que est\u00e1 pensado para la<\/p>\n","protected":false},"author":1,"featured_media":61,"comment_status":"closed","ping_status":"open","sticky":false,"template":"","format":"standard","meta":{"footnotes":""},"categories":[10,8],"tags":[111,1433,40],"class_list":["post-60","post","type-post","status-publish","format-standard","has-post-thumbnail","hentry","category-hibridos-electricos","category-lanzamientos","tag-bmw","tag-concept-car","tag-salones-del-automovil"],"_links":{"self":[{"href":"https:\/\/www.sibuscascoche.com\/noticias\/wp-json\/wp\/v2\/posts\/60","targetHints":{"allow":["GET"]}}],"collection":[{"href":"https:\/\/www.sibuscascoche.com\/noticias\/wp-json\/wp\/v2\/posts"}],"about":[{"href":"https:\/\/www.sibuscascoche.com\/noticias\/wp-json\/wp\/v2\/types\/post"}],"author":[{"embeddable":true,"href":"https:\/\/www.sibuscascoche.com\/noticias\/wp-json\/wp\/v2\/users\/1"}],"replies":[{"embeddable":true,"href":"https:\/\/www.sibuscascoche.com\/noticias\/wp-json\/wp\/v2\/comments?post=60"}],"version-history":[{"count":12,"href":"https:\/\/www.sibuscascoche.com\/noticias\/wp-json\/wp\/v2\/posts\/60\/revisions"}],"predecessor-version":[{"id":554,"href":"https:\/\/www.sibuscascoche.com\/noticias\/wp-json\/wp\/v2\/posts\/60\/revisions\/554"}],"wp:featuredmedia":[{"embeddable":true,"href":"https:\/\/www.sibuscascoche.com\/noticias\/wp-json\/wp\/v2\/media\/61"}],"wp:attachment":[{"href":"https:\/\/www.sibuscascoche.com\/noticias\/wp-json\/wp\/v2\/media?parent=60"}],"wp:term":[{"taxonomy":"category","embeddable":true,"href":"https:\/\/www.sibuscascoche.com\/noticias\/wp-json\/wp\/v2\/categories?post=60"},{"taxonomy":"post_tag","embeddable":true,"href":"https:\/\/www.sibuscascoche.com\/noticias\/wp-json\/wp\/v2\/tags?post=60"}],"curies":[{"name":"wp","href":"https:\/\/api.w.org\/{rel}","templated":true}]}}