{"id":5833,"date":"2015-07-09T14:44:03","date_gmt":"2015-07-09T12:44:03","guid":{"rendered":"https:\/\/www.sibuscascoche.com\/noticias\/?p=5833"},"modified":"2015-07-16T11:15:47","modified_gmt":"2015-07-16T09:15:47","slug":"nuevo-bmw-serie-7","status":"publish","type":"post","link":"https:\/\/www.sibuscascoche.com\/noticias\/2015\/nuevo-bmw-serie-7\/","title":{"rendered":"Nuevo BMW Serie 7, tecnolog\u00eda al poder"},"content":{"rendered":"<p style=\"text-align: left;\">El buque insignia de la casa <a href=\"https:\/\/www.sibuscascoche.com\/coches-ocasion\/bmw\" target=\"_blank\"><span style=\"color: #0071b9;\">alemana BMW<\/span><\/a>, el BMW Serie 7, llega <strong>cargad\u00edsimo de nuevas tecnolog\u00edas<\/strong> y con la oferta m\u00e1s grande de sistemas de asistencia al conductor y servicios de movilidad DMW ConnectedDrive.<\/p>\n<p style=\"text-align: left;\"><strong>Dise\u00f1o exterior y novedades<\/strong><\/p>\n<p style=\"text-align: left;\">El BMW Serie 7 se convertir\u00e1 en <b>uno de los veh\u00edculos m\u00e1s avanzados del mundo. <\/b>Todo un \u201ctitulazo\u201d bien merecido porque tendr\u00e1 como base una construcci\u00f3n novedosa y es que <b>es el primer coche con pl\u00e1stico reforzado con fibra de carbono <\/b>en su estructura. Ha adelgazado 130 kilos con respecto a su predecesor y estar\u00e1 disponible en dos versiones con longitudes distintas: una de batalla corta de 5,09 metros de largo y otra extendida de 5,23 metros que se convierte en el modelo m\u00e1s largo de la historia de BMW. Con <b>proporciones armoniosas y n\u00edtido trazado en sus l\u00edneas,<\/b> expresa un estilo inconfundible y elegancia suprema. Aut\u00e9ntico car\u00e1cter con dinamismo superior y elegancia exclusiva.<\/p>\n<p style=\"text-align: left;\"><strong><img loading=\"lazy\" decoding=\"async\" class=\"alignright size-full wp-image-5886\" alt=\"bmw barato, coches ocasi\u00f3n\" src=\"https:\/\/www.sibuscascoche.com\/noticias\/wp-content\/uploads\/2015\/07\/interior2-bmwS7.jpg\" width=\"300\" height=\"200\" \/>Dise\u00f1o interior<\/strong><\/p>\n<p style=\"text-align: left;\"><strong>Al interior es todo lujo y confort absoluto<\/strong>. Un espacio y orientaci\u00f3n ergon\u00f3mica en el puesto de conducci\u00f3n adem\u00e1s de materiales finos de acabado artesanal y mejorada funcionalidad de los elementos de indicaci\u00f3n y control. <strong>Todo ello contribuye a realzar la exclusividad para los clientes m\u00e1s exigentes.<\/strong> Las formas del habit\u00e1culo est\u00e1n definidas por l\u00edneas y superficies horizontales donde gana importancia el puesto de mando del conductor.<\/p>\n<p style=\"text-align: left;\"><strong>Mec\u00e1nica<\/strong><\/p>\n<p style=\"text-align: left;\">Ofrece una gran variedad mec\u00e1nica con <strong>dos motores de gasolina, un diesel y una in\u00e9dita versi\u00f3n h\u00edbrida enchufable.<\/strong> En cuanto a gasolina, la tecnolog\u00eda <strong>TwinPower Turbo<\/strong> toma forma con las versiones 170i-750Li xDrive con motor 4.4 V8 de 450 CV, aceleraci\u00f3n de 0 a 100 km\/h en 4,5 segundos y consumo de entre 8,1 y ,5 l\/100 km y 740i-740Li con motor 3.0 de seis cilindros en l\u00ednea de 326 CV, aceleraci\u00f3n de 0 a 100 km\/h en 5,6 segundos y consumo medio de entre 6,6 y 7,0 l\/100 km. Pero<strong> si eres de los que prefieres diesel<\/strong>, tu opci\u00f3n est\u00e1 entre las variantes 730d-730Ld con motor 3.0 de seis cilindros en l\u00edna de 265 CV y consumo de 4,5-4,9 l\/100 km o el 730d xDrive-730Ld xDrive con el mismo motor pero <strong>con tracci\u00f3n integral xDrive.<\/strong> Hay mucho entre lo que elegir \u00bfverdad?<\/p>\n<p><img loading=\"lazy\" decoding=\"async\" class=\"size-full wp-image-5835 alignleft\" alt=\"bmw barato\" src=\"https:\/\/www.sibuscascoche.com\/noticias\/wp-content\/uploads\/2015\/06\/interior-bmwS7.jpg\" width=\"300\" height=\"200\" \/><\/p>\n<p style=\"text-align: left;\"><strong>Tecnolog\u00eda al poder<\/strong><\/p>\n<p><strong style=\"line-height: 1.5em;\">La tecnolog\u00eda es otra de las grandes bazas del <span style=\"color: #0071b9;\"><a href=\"http:\/\/www.bmw.es\/home\/vehiculos\/serie-7.html\" target=\"_blank\" rel=\"noopener\"><span style=\"color: #0071b9;\">BMW Serie 7<\/span><\/a><\/span><\/strong><span style=\"line-height: 1.5em;\"> incorporando sistemas como el control por gestos para los display t\u00e1ctiles que permite acceder mediante gestos a funciones del sistema de infoentretenimiento. \u00bfC\u00f3mo qu\u00e9? Subir o bajar el volumen, aceptar o rechazar llamadas\u2026<\/span><\/p>\n<p style=\"text-align: left;\"><strong>El derroche tecnol\u00f3gico es brutal en favor de brindar la m\u00e1xima seguridad y confort.<\/strong> Control perif\u00e9rico de vigilancia <strong>Surround View<\/strong>, sistemas inteligentes <strong>Assistant Plus<\/strong> o el sistema de proyecci\u00f3n de informaci\u00f3n en el parabrisas <strong>head-up Display<\/strong>. Parece de pel\u00edcula pero&#8230;NO.<\/p>\n<p>&nbsp;<\/p>\n<div class=\"photo-gallery-shortcode\"><a href=\"#\" class=\"gallery-navi-left\">&nbsp;<\/a><a href=\"#\" class=\"gallery-navi-right\">&nbsp;<\/a><ul><li class=\"active\"><img loading=\"lazy\" decoding=\"async\" src=\"\" class=\"setborder\" width=\"660\" height=\"394\" alt=\"BMW Serie 7\" title=\"BMW Serie 7\" \/><\/li><li class=\"active\"><img loading=\"lazy\" decoding=\"async\" src=\"\" class=\"setborder\" width=\"660\" height=\"394\" alt=\"BMW Serie 7\" title=\"BMW Serie 7\" \/><\/li><li class=\"active\"><img loading=\"lazy\" decoding=\"async\" src=\"\" class=\"setborder\" width=\"660\" height=\"394\" alt=\"BMW Serie 7\" title=\"BMW Serie 7\" \/><\/li><li class=\"active\"><img loading=\"lazy\" decoding=\"async\" src=\"\" class=\"setborder\" width=\"660\" height=\"394\" alt=\"BMW Serie 7\" title=\"BMW Serie 7\" \/><\/li><li class=\"active\"><img loading=\"lazy\" decoding=\"async\" src=\"\" class=\"setborder\" width=\"660\" height=\"394\" alt=\"BMW Serie 7\" title=\"BMW Serie 7\" \/><\/li><li class=\"active\"><img loading=\"lazy\" decoding=\"async\" src=\"\" class=\"setborder\" width=\"660\" height=\"394\" alt=\"BMW Serie 7\" title=\"BMW Serie 7\" \/><\/li><\/ul><h4><a href=\"https:\/\/www.sibuscascoche.com\/noticias\/gallery\/bmw-serie-7\" class=\"font-replace\">BMW Serie 7<span class=\"photos-in-it\">6 Fotos:<\/span><\/a><\/h4><\/div>\n","protected":false},"excerpt":{"rendered":"<p>El buque insignia de la casa alemana BMW, el BMW Serie 7, llega cargad\u00edsimo de nuevas tecnolog\u00edas y con la oferta m\u00e1s grande de sistemas de asistencia al conductor y<\/p>\n","protected":false},"author":1,"featured_media":5834,"comment_status":"closed","ping_status":"open","sticky":false,"template":"","format":"standard","meta":{"footnotes":""},"categories":[1,11],"tags":[111,666],"class_list":["post-5833","post","type-post","status-publish","format-standard","has-post-thumbnail","hentry","category-actualidad","category-fichas-turismos","tag-bmw","tag-serie-7"],"_links":{"self":[{"href":"https:\/\/www.sibuscascoche.com\/noticias\/wp-json\/wp\/v2\/posts\/5833","targetHints":{"allow":["GET"]}}],"collection":[{"href":"https:\/\/www.sibuscascoche.com\/noticias\/wp-json\/wp\/v2\/posts"}],"about":[{"href":"https:\/\/www.sibuscascoche.com\/noticias\/wp-json\/wp\/v2\/types\/post"}],"author":[{"embeddable":true,"href":"https:\/\/www.sibuscascoche.com\/noticias\/wp-json\/wp\/v2\/users\/1"}],"replies":[{"embeddable":true,"href":"https:\/\/www.sibuscascoche.com\/noticias\/wp-json\/wp\/v2\/comments?post=5833"}],"version-history":[{"count":8,"href":"https:\/\/www.sibuscascoche.com\/noticias\/wp-json\/wp\/v2\/posts\/5833\/revisions"}],"predecessor-version":[{"id":6016,"href":"https:\/\/www.sibuscascoche.com\/noticias\/wp-json\/wp\/v2\/posts\/5833\/revisions\/6016"}],"wp:featuredmedia":[{"embeddable":true,"href":"https:\/\/www.sibuscascoche.com\/noticias\/wp-json\/wp\/v2\/media\/5834"}],"wp:attachment":[{"href":"https:\/\/www.sibuscascoche.com\/noticias\/wp-json\/wp\/v2\/media?parent=5833"}],"wp:term":[{"taxonomy":"category","embeddable":true,"href":"https:\/\/www.sibuscascoche.com\/noticias\/wp-json\/wp\/v2\/categories?post=5833"},{"taxonomy":"post_tag","embeddable":true,"href":"https:\/\/www.sibuscascoche.com\/noticias\/wp-json\/wp\/v2\/tags?post=5833"}],"curies":[{"name":"wp","href":"https:\/\/api.w.org\/{rel}","templated":true}]}}