{"id":5542,"date":"2015-07-16T08:00:40","date_gmt":"2015-07-16T06:00:40","guid":{"rendered":"https:\/\/www.sibuscascoche.com\/noticias\/?p=5542"},"modified":"2015-07-28T13:19:38","modified_gmt":"2015-07-28T11:19:38","slug":"volkswagen-t-6-lanzamiento","status":"publish","type":"post","link":"https:\/\/www.sibuscascoche.com\/noticias\/2015\/volkswagen-t-6-lanzamiento\/","title":{"rendered":"Volkswagen T-6. El nuevo lanzamiento que sorprender\u00e1"},"content":{"rendered":"<p>Volkswagen Veh\u00edculos Comerciales presenta la <strong>sexta generaci\u00f3n de su legendaria gama T<\/strong>. La saga T, que inici\u00f3 el m\u00edtico Bulli hace 65 a\u00f1os llega a su sexta generaci\u00f3n manteniendo la esencia que tuvieron sus anteriores generaciones bajo una renovaci\u00f3n completa, repasaremos cu\u00e1les son las novedades de la nueva apuesta de Volkswagen, el T6.<br \/>\n<img loading=\"lazy\" decoding=\"async\" class=\"alignleft size-full wp-image-5547\" alt=\"Volkswagen T-6\" src=\"https:\/\/www.sibuscascoche.com\/noticias\/wp-content\/uploads\/2015\/06\/Volkswagen-T6-interior.jpg\" width=\"300\" height=\"200\" \/>En el <strong>exterior<\/strong>, el T6 sorprende con una nueva apariencia. Un <strong>frontal redise\u00f1ado<\/strong> que da una<strong> apariencia m\u00e1s robusta<\/strong>. El fald\u00f3n frontal le confiere un car\u00e1cter exclusivo a la vez que din\u00e1mico. La <strong>parte trasera<\/strong>, tambi\u00e9n aumenta la sensaci\u00f3n de robustez por el efecto de la<strong> moldura horizontal<\/strong>. La luneta trasera, la posici\u00f3n m\u00e1s baja de los retrovisores exteriores y los intermitentes ubicados en la moldura son otras de las novedades.<\/p>\n<p><strong>El interior es completamente nuevo<\/strong>, en \u00e9l se potencia la <strong>ergonom\u00eda del puesto de conducci\u00f3n<\/strong> as\u00ed como la <strong>habitabilidad de la zona de pasajeros<\/strong>. El salpicadero destaca por una estructura modular clara y sobria. Adem\u00e1s, la consola central, que ahora es notablemente m\u00e1s ancha, ofrece de forma adicional un compartimento multimedia con interfaz para el tel\u00e9fono m\u00f3vil y un soporte plano abatible que se puede refrigerar.<\/p>\n<p>La nueva gama T6 <strong>llega a Espa\u00f1a en el mes de julio<\/strong> con seis motores eficientes que cumplen la normativa comunitaria EU6. <strong>Cuatro propulsores di\u00e9sel<\/strong> 2.0 TDI, con 84, 102, 150 y 204 CV,<strong> y dos 2.0 TSI de gasolina<\/strong>, que entregan 150 y 204 CV.\u00a0Estos nuevos motores pueden complementarse con cajas de cambio manuales de cinco y seis velocidades, o con el cambio autom\u00e1tico de doble embrague DSG.<\/p>\n<p><img loading=\"lazy\" decoding=\"async\" class=\"size-full wp-image-5549 alignright\" alt=\"Volkswagen t-6\" src=\"https:\/\/www.sibuscascoche.com\/noticias\/wp-content\/uploads\/2015\/06\/Volkswagen-T6-interior2.jpg\" width=\"300\" height=\"200\" \/>El salto tecnol\u00f3gico se evidencia con la implementaci\u00f3n de m\u00faltiples <strong>sistemas de ayuda a la conducci\u00f3n<\/strong>. Entre ellos, destacan los sistemas Front Assist, Adaptative Cruise Control (ACC) con funci\u00f3n de frenada de emergencia en ciudad, asistente de luz de carretera Light Assist, sistema de detecci\u00f3n de fatiga, c\u00e1mara de marcha atr\u00e1s o el sistema de control de ascenso y descenso en pendientes.<\/p>\n<p>El mismo criterio tecnol\u00f3gico se ha aplicado a los nuevos sistemas de <strong>infoentretenimiento.<\/strong> Una pantalla de 6,33 pulgadas, que opera mediante un sensor de proximidad, y tres nuevos sistemas de radio y de radio-navegaci\u00f3n son algunas de las novedades<\/p>\n<p>Fiel a su estilo de vida, el nuevo T6 da continuidad a ese estilo inconfundible que solo Volkswagen sabe imprimir a sus veh\u00edculos.<\/p>\n<p><iframe loading=\"lazy\" src=\"https:\/\/www.youtube.com\/embed\/pjmWuYfzDcU\" height=\"375\" width=\"660\" allowfullscreen=\"\" frameborder=\"0\"><\/iframe><\/p>\n<p>&nbsp;<\/p>\n","protected":false},"excerpt":{"rendered":"<p>Volkswagen Veh\u00edculos Comerciales presenta la sexta generaci\u00f3n de su legendaria gama T. La saga T, que inici\u00f3 el m\u00edtico Bulli hace 65 a\u00f1os llega a su sexta generaci\u00f3n manteniendo la<\/p>\n","protected":false},"author":1,"featured_media":5548,"comment_status":"closed","ping_status":"open","sticky":false,"template":"","format":"standard","meta":{"footnotes":""},"categories":[1],"tags":[641,22,642],"class_list":["post-5542","post","type-post","status-publish","format-standard","has-post-thumbnail","hentry","category-actualidad","tag-t-6","tag-volkswagen","tag-volkswagen-gama-t"],"_links":{"self":[{"href":"https:\/\/www.sibuscascoche.com\/noticias\/wp-json\/wp\/v2\/posts\/5542","targetHints":{"allow":["GET"]}}],"collection":[{"href":"https:\/\/www.sibuscascoche.com\/noticias\/wp-json\/wp\/v2\/posts"}],"about":[{"href":"https:\/\/www.sibuscascoche.com\/noticias\/wp-json\/wp\/v2\/types\/post"}],"author":[{"embeddable":true,"href":"https:\/\/www.sibuscascoche.com\/noticias\/wp-json\/wp\/v2\/users\/1"}],"replies":[{"embeddable":true,"href":"https:\/\/www.sibuscascoche.com\/noticias\/wp-json\/wp\/v2\/comments?post=5542"}],"version-history":[{"count":9,"href":"https:\/\/www.sibuscascoche.com\/noticias\/wp-json\/wp\/v2\/posts\/5542\/revisions"}],"predecessor-version":[{"id":6108,"href":"https:\/\/www.sibuscascoche.com\/noticias\/wp-json\/wp\/v2\/posts\/5542\/revisions\/6108"}],"wp:featuredmedia":[{"embeddable":true,"href":"https:\/\/www.sibuscascoche.com\/noticias\/wp-json\/wp\/v2\/media\/5548"}],"wp:attachment":[{"href":"https:\/\/www.sibuscascoche.com\/noticias\/wp-json\/wp\/v2\/media?parent=5542"}],"wp:term":[{"taxonomy":"category","embeddable":true,"href":"https:\/\/www.sibuscascoche.com\/noticias\/wp-json\/wp\/v2\/categories?post=5542"},{"taxonomy":"post_tag","embeddable":true,"href":"https:\/\/www.sibuscascoche.com\/noticias\/wp-json\/wp\/v2\/tags?post=5542"}],"curies":[{"name":"wp","href":"https:\/\/api.w.org\/{rel}","templated":true}]}}