{"id":5505,"date":"2015-06-29T12:58:38","date_gmt":"2015-06-29T10:58:38","guid":{"rendered":"https:\/\/www.sibuscascoche.com\/noticias\/?p=5505"},"modified":"2015-06-29T12:58:38","modified_gmt":"2015-06-29T10:58:38","slug":"opel-corsa-opc","status":"publish","type":"post","link":"https:\/\/www.sibuscascoche.com\/noticias\/2015\/opel-corsa-opc\/","title":{"rendered":"El impactante \u201cjuguete\u201d Opel Corsa OPC"},"content":{"rendered":"<p><img loading=\"lazy\" decoding=\"async\" class=\"alignright size-full wp-image-5510\" style=\"text-align: justify;\" alt=\"coches ocasi\u00f3n\" src=\"https:\/\/www.sibuscascoche.com\/noticias\/wp-content\/uploads\/2015\/06\/interior-opel-corsa-OPC.jpg\" width=\"300\" height=\"200\" \/><\/p>\n<p>Con 207 CV y una aceleraci\u00f3n de 0 a 100 en 6,8 segundos, el <b>nuevo y renovado juguete de Opel<\/b> alcanza una velocidad de 230 km\/h. \u00bfSu nombre? <b>Opel Corsa OPC<\/b> y ha llegado a Espa\u00f1a para quedarse.<\/p>\n<p>Fue presentado en el pasado Sal\u00f3n de Ginebra y sin duda <b>se trata de un aut\u00e9ntico deportivo alem\u00e1n.<\/b>\u00a0 Este peque\u00f1o atleta desarrollado por Opel no tiene nada que envidiar a otros modelos (o rivales) como el 208 GTi o el Clio RS. Y es que <b>llega con un chasis totalmente revisado para exprimir al 100% todas las posibilidades que puede ofrecer.<\/b><\/p>\n<p>Su frontal cuenta con <b>un dise\u00f1o muy diferenciado del resto de la gama<\/b> de la casa alemana y se caracteriza por una toma de aire en el cap\u00f3 que no existe en el resto de modelos. Cuenta tambi\u00e9n con <b>una parrilla espec\u00edfica que le aporta un aire a\u00fan m\u00e1s deportivo.<\/b><\/p>\n<p><img loading=\"lazy\" decoding=\"async\" class=\"alignleft size-full wp-image-5511\" alt=\"coches ocasi\u00f3n\" src=\"https:\/\/www.sibuscascoche.com\/noticias\/wp-content\/uploads\/2015\/06\/interior2-opel-corsa-OPC.jpg\" width=\"300\" height=\"300\" srcset=\"https:\/\/www.sibuscascoche.com\/noticias\/wp-content\/uploads\/2015\/06\/interior2-opel-corsa-OPC.jpg 300w, https:\/\/www.sibuscascoche.com\/noticias\/wp-content\/uploads\/2015\/06\/interior2-opel-corsa-OPC-150x150.jpg 150w\" sizes=\"auto, (max-width: 300px) 100vw, 300px\" \/>Con un interior en el que se palpa la calidad con los baquets delanteros firmados por Recaro que llegan de serie, algo poco habitual en el segmento pero que se agradece a la hora de enlazar curvas y seguir perfectamente sujeto al asiento. <b>Acabados claramente deportivos propios de las siglas OPC<\/b>, volante de cuero achatado en la parte inferior, palanca de cambios y cuadro de mandos diferentes al resto de la gama y pedales de aluminio. \u00bfCrees que nos olvidamos de algo? <b>Pantalla t\u00e1ctil con tecnolog\u00eda Opel IntelliLink <\/b>que permite la conectividad del Corsa con tu Smartphone para manipular cualquier aplicaci\u00f3n de forma muy sencilla.<\/p>\n<p><b>Un chasis renovado <\/b>y con un propulsor que aporta 15 CV m\u00e1s con respecto a la versi\u00f3n anterior. Y por si te pareciera poco <b>es 92 CV m\u00e1s potente que cualquier otro modelo Corsa<\/b> de serie. Basado en el 1.6 turbo de cuatro cilindros que llevaba la edici\u00f3n especial \u201cN\u00fcrburgring Edition\u201d pero con un mejor \u201cmapping\u201d y nuevos inyectores, intercooler y turbocompresor para llegar a los 207 CV y 245 Nm de par m\u00e1ximo que se elevan hasta los 280 cuando entra en acci\u00f3n el overboost. <b>Todo un portento de la naturaleza.<\/b><\/p>\n<p><b>Equilibrio y estabilidad impecables<\/b> sin apenas balanceo por el paso de las curvas adem\u00e1s de una direcci\u00f3n muy acertada que ofrece sensaciones vivas al volante. Espectacular \u00bfverdad?<\/p>\n<p>&nbsp;<\/p>\n","protected":false},"excerpt":{"rendered":"<p>Con 207 CV y una aceleraci\u00f3n de 0 a 100 en 6,8 segundos, el nuevo y renovado juguete de Opel alcanza una velocidad de 230 km\/h. \u00bfSu nombre? Opel Corsa<\/p>\n","protected":false},"author":1,"featured_media":5509,"comment_status":"closed","ping_status":"open","sticky":false,"template":"","format":"standard","meta":{"footnotes":""},"categories":[1],"tags":[332,634,41],"class_list":["post-5505","post","type-post","status-publish","format-standard","has-post-thumbnail","hentry","category-actualidad","tag-corsa","tag-opc","tag-opel"],"_links":{"self":[{"href":"https:\/\/www.sibuscascoche.com\/noticias\/wp-json\/wp\/v2\/posts\/5505","targetHints":{"allow":["GET"]}}],"collection":[{"href":"https:\/\/www.sibuscascoche.com\/noticias\/wp-json\/wp\/v2\/posts"}],"about":[{"href":"https:\/\/www.sibuscascoche.com\/noticias\/wp-json\/wp\/v2\/types\/post"}],"author":[{"embeddable":true,"href":"https:\/\/www.sibuscascoche.com\/noticias\/wp-json\/wp\/v2\/users\/1"}],"replies":[{"embeddable":true,"href":"https:\/\/www.sibuscascoche.com\/noticias\/wp-json\/wp\/v2\/comments?post=5505"}],"version-history":[{"count":2,"href":"https:\/\/www.sibuscascoche.com\/noticias\/wp-json\/wp\/v2\/posts\/5505\/revisions"}],"predecessor-version":[{"id":5513,"href":"https:\/\/www.sibuscascoche.com\/noticias\/wp-json\/wp\/v2\/posts\/5505\/revisions\/5513"}],"wp:featuredmedia":[{"embeddable":true,"href":"https:\/\/www.sibuscascoche.com\/noticias\/wp-json\/wp\/v2\/media\/5509"}],"wp:attachment":[{"href":"https:\/\/www.sibuscascoche.com\/noticias\/wp-json\/wp\/v2\/media?parent=5505"}],"wp:term":[{"taxonomy":"category","embeddable":true,"href":"https:\/\/www.sibuscascoche.com\/noticias\/wp-json\/wp\/v2\/categories?post=5505"},{"taxonomy":"post_tag","embeddable":true,"href":"https:\/\/www.sibuscascoche.com\/noticias\/wp-json\/wp\/v2\/tags?post=5505"}],"curies":[{"name":"wp","href":"https:\/\/api.w.org\/{rel}","templated":true}]}}