{"id":5394,"date":"2015-07-16T09:42:30","date_gmt":"2015-07-16T07:42:30","guid":{"rendered":"https:\/\/www.sibuscascoche.com\/noticias\/?p=5394"},"modified":"2015-07-16T11:23:22","modified_gmt":"2015-07-16T09:23:22","slug":"nuevo-opel-astra-k-2016","status":"publish","type":"post","link":"https:\/\/www.sibuscascoche.com\/noticias\/2015\/nuevo-opel-astra-k-2016\/","title":{"rendered":"Nuevo Opel Astra K 2016: m\u00e1s ligero y tecnol\u00f3gicamente m\u00e1s avanzado"},"content":{"rendered":"<p>La quinta generaci\u00f3n del Opel Astra K es ya una realidad. El pr\u00f3ximo a\u00f1o veremos circular por las carreteras al renovado modelo insignia de la compa\u00f1\u00eda. Las novedades son considerables: frente a la actual generaci\u00f3n, la nueva apuesta presenta un tama\u00f1o m\u00e1s reducido,\u00a0 200 kilogramos menos y una gama de motores de gasolina totalmente renovada.<\/p>\n<p>El <a href=\"https:\/\/www.sibuscascoche.com\/coches-ocasion\/opel\/astra\"><span style=\"color: #0071b9;\">Opel Astra<\/span><\/a> es uno de los modelos que m\u00e1s \u00e9xito ha aportado a Opel a nivel mundial, sin olvidar al Corsa. La primera generaci\u00f3n (Astra F) se lanz\u00f3 en 1991. Tras ese a\u00f1o, hubo otras tres versiones que llevaron como nombre las letras contiguas a su primera apuesta por orden alfab\u00e9tico. Por tanto, ahora toca dar paso al Astra K.<\/p>\n<p><strong>Tecnolog\u00eda como protagonista<\/strong><\/p>\n<p>La cuarta generaci\u00f3n del Astra ahora es compatible con Apple CarPlay y Android Auto, que permiten visualizar en la pantalla central una copia de las aplicaciones<img loading=\"lazy\" decoding=\"async\" class=\"size-full wp-image-5384 alignright\" alt=\"opel astra ocasi\u00f3n, opel barato\" src=\"https:\/\/www.sibuscascoche.com\/noticias\/wp-content\/uploads\/2015\/06\/web-opel_astra_habit\u00e1culo_interior.jpg\" width=\"300\" height=\"200\" \/> instaladas en el tel\u00e9fono y manejarlas con total normalidad. La conectividad tambi\u00e9n mejora con creces, gracias a la incorporaci\u00f3n del sistema On Star, que permite crear una red inal\u00e1mbrica en el propio veh\u00edculo. El equipamiento tecnol\u00f3gico mejora todav\u00eda m\u00e1s con el sistema de lectura de se\u00f1ales de tr\u00e1fico, otro de aviso por cambio involuntario de carril, una funci\u00f3n de alerta por posible colisi\u00f3n y frenada aut\u00f3noma y un control de velocidad crucero adaptativo, entre otros. El confort de los ocupantes es otro aspecto que se ve beneficiado, gracias a la posibilidad de equipar los asientos delanteros ventilados, una posibilidad muy poco frecuente en este tipo de veh\u00edculos.<\/p>\n<p><strong>M\u00e1s ligero<\/strong><\/p>\n<p>Se presenta con muchas particularidades, pero destaca sobre todas ellas su reducida dimensi\u00f3n. Es mucho m\u00e1s peque\u00f1o que su antecesor, tanto en longitud como en altura. El nuevo Astra cuenta con 4,37 metros de largo y 1,46 metros de altura. Adem\u00e1s, la distancia entre ejes se ha reducido en dos cent\u00edmetros. Aun as\u00ed, Opel asegura que pese a la reducci\u00f3n considerable de la estructura, el habit\u00e1culo es m\u00e1s grande y ofrece 35 mil\u00edmetros m\u00e1s de espacio para las piernas de los ocupantes traseros.<\/p>\n<p>El peso tambi\u00e9n se ve reducido entre los 120 y los 200 kilogramos, principalmente en la carrocer\u00eda, que pasa de 357 del anterior versi\u00f3n a los 286 kilogramos de la nueva edici\u00f3n. El chasis del nuevo modelo tambi\u00e9n permite ahorrar en peso, concretamente 50 kilogramos, debido a usar aceros de alta resistencia, en vez de recurrir al aluminio como en los modelos anteriores.<\/p>\n<p><strong>Motor renovado<\/strong><\/p>\n<p>Las novedades y mejoras tambi\u00e9n tendr\u00e1n presencia en los motores, principalmente en los de gasolina. La oferta cuenta con un motor 1.0 ECOTEC tricil\u00edndrico dotado de turboalimentaci\u00f3n, con 105 CV. A este le sigue un nuevo 1.4 ECOTEC Turbo de cuatro cilindros, con 145 CV de potencia m\u00e1xima y un par motor de 250 Nm entre 1.800 y 4.000 rpm. Gracias a un bloque realizado en aluminio, ahorra 10 kilos de peso frente al anterior bloque de id\u00e9ntica cilindrada. Mientras, la gama di\u00e9sel se basa en el propulsor 1.6 CDTI con diferentes niveles de potencia, a partir de 95 CV.<\/p>\n<p><strong>Equipamiento mejorado<\/strong><\/p>\n<p>El equipamiento no iba a ser menos y tambi\u00e9n cuenta con novedades. Destaca el <a href=\"http:\/\/www.autobild.es\/noticias\/iluminacion-led-intellilux-se-estrenara-opel-astra-253585\" target=\"_blank\" rel=\"noopener\"><span style=\"color: #0071b9;\">sistema de iluminaci\u00f3n adaptativa IntelliLux LED<\/span><\/a>, con diodos de funcionamiento independiente permiten reducir el haz de luz para que no moleste a otros conductores, y aumentarlos en las zonas libres de riesgo de deslumbramiento. De esta forma, se aumenta la seguridad, ya que el conductor puede percatarse de la presencia de obst\u00e1culos mucho antes que con unos faros hal\u00f3genos o de xen\u00f3n convencionales.<\/p>\n<p>&nbsp;<\/p>\n","protected":false},"excerpt":{"rendered":"<p>La quinta generaci\u00f3n del Opel Astra K es ya una realidad. El pr\u00f3ximo a\u00f1o veremos circular por las carreteras al renovado modelo insignia de la compa\u00f1\u00eda. Las novedades son considerables:<\/p>\n","protected":false},"author":1,"featured_media":5386,"comment_status":"closed","ping_status":"open","sticky":false,"template":"","format":"standard","meta":{"footnotes":""},"categories":[8],"tags":[41,621],"class_list":["post-5394","post","type-post","status-publish","format-standard","has-post-thumbnail","hentry","category-lanzamientos","tag-opel","tag-opel-astra-k"],"_links":{"self":[{"href":"https:\/\/www.sibuscascoche.com\/noticias\/wp-json\/wp\/v2\/posts\/5394","targetHints":{"allow":["GET"]}}],"collection":[{"href":"https:\/\/www.sibuscascoche.com\/noticias\/wp-json\/wp\/v2\/posts"}],"about":[{"href":"https:\/\/www.sibuscascoche.com\/noticias\/wp-json\/wp\/v2\/types\/post"}],"author":[{"embeddable":true,"href":"https:\/\/www.sibuscascoche.com\/noticias\/wp-json\/wp\/v2\/users\/1"}],"replies":[{"embeddable":true,"href":"https:\/\/www.sibuscascoche.com\/noticias\/wp-json\/wp\/v2\/comments?post=5394"}],"version-history":[{"count":7,"href":"https:\/\/www.sibuscascoche.com\/noticias\/wp-json\/wp\/v2\/posts\/5394\/revisions"}],"predecessor-version":[{"id":6017,"href":"https:\/\/www.sibuscascoche.com\/noticias\/wp-json\/wp\/v2\/posts\/5394\/revisions\/6017"}],"wp:featuredmedia":[{"embeddable":true,"href":"https:\/\/www.sibuscascoche.com\/noticias\/wp-json\/wp\/v2\/media\/5386"}],"wp:attachment":[{"href":"https:\/\/www.sibuscascoche.com\/noticias\/wp-json\/wp\/v2\/media?parent=5394"}],"wp:term":[{"taxonomy":"category","embeddable":true,"href":"https:\/\/www.sibuscascoche.com\/noticias\/wp-json\/wp\/v2\/categories?post=5394"},{"taxonomy":"post_tag","embeddable":true,"href":"https:\/\/www.sibuscascoche.com\/noticias\/wp-json\/wp\/v2\/tags?post=5394"}],"curies":[{"name":"wp","href":"https:\/\/api.w.org\/{rel}","templated":true}]}}