{"id":5367,"date":"2015-07-24T08:00:31","date_gmt":"2015-07-24T06:00:31","guid":{"rendered":"https:\/\/www.sibuscascoche.com\/noticias\/?p=5367"},"modified":"2015-07-23T12:50:21","modified_gmt":"2015-07-23T10:50:21","slug":"coche-electrico-lujo-fabricacion-espana","status":"publish","type":"post","link":"https:\/\/www.sibuscascoche.com\/noticias\/2015\/coche-electrico-lujo-fabricacion-espana\/","title":{"rendered":"El primer coche el\u00e9ctrico de lujo fabricado en Espa\u00f1a"},"content":{"rendered":"<p>Hace a\u00f1os pensar o imaginar un coche el\u00e9ctrico era bastante complicado. Si a eso le sumamos que fuese de gama alta, y aun por encima, que estuviese hecho en Espa\u00f1a,\u00a0era ya\u00a0algo pr\u00e1cticamente\u00a0imposible. Ahora, gracias a a\u00f1os de experimentos, pruebas y esfuerzos es una realidad hablar de un coche el\u00e9ctrico de lujo con la marca Espa\u00f1a como sello.<\/p>\n<p>Una realidad gracias a\u00a0dos empresas, la\u00a0navarra Jofemar y la andaluza Retrofactory, fundadora de la marca de coches Hurtan. Ambas\u00a0se han unido para fabricar<strong> el primer veh\u00edculo de lujo con propulsi\u00f3n 100% el\u00e9ctrica que se produce en Espa\u00f1a<\/strong>. Por tanto, lo que parec\u00eda una utop\u00eda, pronto ser\u00e1 una realidad. La construcci\u00f3n correr\u00e1 a cargo\u00a0a la nueva compa\u00f1\u00eda Vel\u00e1ntur Cars, creada por las dos empresas con el objetivo de producir veh\u00edculos 100% el\u00e9ctricos en las instalaciones de Santana, en Linares (Ja\u00e9n).<img loading=\"lazy\" decoding=\"async\" class=\" wp-image-5382 alignright\" alt=\"coches baratos, coches ocasi\u00f3n\" src=\"https:\/\/www.sibuscascoche.com\/noticias\/wp-content\/uploads\/2015\/06\/web-coches_el\u00e9ctricos_interior-300x200.jpg\" width=\"270\" height=\"180\" srcset=\"https:\/\/www.sibuscascoche.com\/noticias\/wp-content\/uploads\/2015\/06\/web-coches_el\u00e9ctricos_interior-300x200.jpg 300w, https:\/\/www.sibuscascoche.com\/noticias\/wp-content\/uploads\/2015\/06\/web-coches_el\u00e9ctricos_interior.jpg 540w\" sizes=\"auto, (max-width: 270px) 100vw, 270px\" \/> Los coches el\u00e9ctricos ocupan cada vez m\u00e1s peso en el mercado y su producci\u00f3n se encuentra constantemente en alza tras su irrupci\u00f3n. Las\u00a0compa\u00f1\u00edas se\u00a0han visto obligadas a apostar y a\u00a0trabajar en estos modelos, segmentando en funci\u00f3n de las particularidades de los distintos tipos de consumidores.<\/p>\n<p>Despu\u00e9s de tres \u00a0a\u00f1os de investigaci\u00f3n y desarrollo, la empresa Vel\u00e1ntur Cars lanzar\u00e1 as\u00ed\u00a0un nuevo concepto de veh\u00edculo Art-Tech dirigido a los amantes de los coches exclusivos y que muy pronto rodar\u00e1 por las carreteras espa\u00f1olas.<\/p>\n<p>El veh\u00edculo contar\u00e1 con una <strong>espectacular est\u00e9tica<\/strong>, que sorprender\u00e1 y no dejar\u00e1 indiferente a nadie. Sus<strong> l\u00edneas extremadamente aerodin\u00e1micas y musculosas<\/strong>, llamativo desde el primer vistazo, ser\u00e1 todo un <strong>referente para el sector.<\/strong><\/p>\n<p>Un futuro de los coches el\u00e9ctricos que parece imponerse con mayor fuerza en los mercados, sobre todo si atendemos a que este tipo de veh\u00edculos permiten reducir hasta un 60% las facturas mensuales de combustible, lo que se traduce en un ahorro de 24\u20ac al mes para una familia europea media. La especializaci\u00f3n de los modelos de<strong> este tipo de veh\u00edculos parece ser algo importante<\/strong> para las empresas que empiezan a centrar sus esfuerzos en atender a\u00a0las necesidades y estilos de todos los posibles futuros compradores.\u00a0Esto explica la presencia de\u00a0la gama alta de los veh\u00edculos tambi\u00e9n en\u00a0su versi\u00f3n el\u00e9ctrica.<\/p>\n<p>Las m\u00e1s avanzadas tecnolog\u00edas de confort y sostenibilidad se fusionan con motores totalmente el\u00e9ctricos\u00a0para muy pronto estar haciendo los primeros kil\u00f3metros\u00a0en las carreteras.<\/p>\n","protected":false},"excerpt":{"rendered":"<p>Hace a\u00f1os pensar o imaginar un coche el\u00e9ctrico era bastante complicado. Si a eso le sumamos que fuese de gama alta, y aun por encima, que estuviese hecho en Espa\u00f1a,\u00a0era<\/p>\n","protected":false},"author":1,"featured_media":5381,"comment_status":"closed","ping_status":"open","sticky":false,"template":"","format":"standard","meta":{"footnotes":""},"categories":[1,10,8],"tags":[619,620],"class_list":["post-5367","post","type-post","status-publish","format-standard","has-post-thumbnail","hentry","category-actualidad","category-hibridos-electricos","category-lanzamientos","tag-coche-electrico","tag-coche-lujo"],"_links":{"self":[{"href":"https:\/\/www.sibuscascoche.com\/noticias\/wp-json\/wp\/v2\/posts\/5367","targetHints":{"allow":["GET"]}}],"collection":[{"href":"https:\/\/www.sibuscascoche.com\/noticias\/wp-json\/wp\/v2\/posts"}],"about":[{"href":"https:\/\/www.sibuscascoche.com\/noticias\/wp-json\/wp\/v2\/types\/post"}],"author":[{"embeddable":true,"href":"https:\/\/www.sibuscascoche.com\/noticias\/wp-json\/wp\/v2\/users\/1"}],"replies":[{"embeddable":true,"href":"https:\/\/www.sibuscascoche.com\/noticias\/wp-json\/wp\/v2\/comments?post=5367"}],"version-history":[{"count":8,"href":"https:\/\/www.sibuscascoche.com\/noticias\/wp-json\/wp\/v2\/posts\/5367\/revisions"}],"predecessor-version":[{"id":6047,"href":"https:\/\/www.sibuscascoche.com\/noticias\/wp-json\/wp\/v2\/posts\/5367\/revisions\/6047"}],"wp:featuredmedia":[{"embeddable":true,"href":"https:\/\/www.sibuscascoche.com\/noticias\/wp-json\/wp\/v2\/media\/5381"}],"wp:attachment":[{"href":"https:\/\/www.sibuscascoche.com\/noticias\/wp-json\/wp\/v2\/media?parent=5367"}],"wp:term":[{"taxonomy":"category","embeddable":true,"href":"https:\/\/www.sibuscascoche.com\/noticias\/wp-json\/wp\/v2\/categories?post=5367"},{"taxonomy":"post_tag","embeddable":true,"href":"https:\/\/www.sibuscascoche.com\/noticias\/wp-json\/wp\/v2\/tags?post=5367"}],"curies":[{"name":"wp","href":"https:\/\/api.w.org\/{rel}","templated":true}]}}